{"id":6788,"date":"2023-04-19T16:32:44","date_gmt":"2023-04-19T20:32:44","guid":{"rendered":"https:\/\/webdealta.info\/?p=6788"},"modified":"2023-04-19T16:32:45","modified_gmt":"2023-04-19T20:32:45","slug":"con-parada-civico-militar-recordaron-el-19-de-abril-de-1810","status":"publish","type":"post","link":"https:\/\/webdealta.info\/?p=6788","title":{"rendered":"Con parada c\u00edvico militar recordaron el 19 de Abril de 1810"},"content":{"rendered":"\n<p>Prensa alcald\u00eda.-<\/p>\n\n\n\n<p>El 19 de abril, D\u00eda de la Proclamaci\u00f3n de la Independencia, es una de las fechas m\u00e1s importantes de la historia venezolana. En la plaza Bol\u00edvar de la parroquia Altagracia de Orituco se llev\u00f3 en perfecta uni\u00f3n c\u00edvico militar, el homenaje para realzar los 213 a\u00f1os del acto que marco el inicio de la lucha del pueblo venezolano por la liberaci\u00f3n del domino espa\u00f1ol.<\/p>\n\n\n\n<p>La actividad cont\u00f3 con la presencia del alcalde Pedro Sol\u00f3rzano, la Dra. Elsy Rodr\u00edguez, primera combatiente; Ram\u00f3n Magallanes, diputado de la Asamblea Nacional; teniente coronel Gustavo Hidalgo, mayor Tayupe, capit\u00e1n Jackson C\u00e1cerez, Dra. Susana Sayegh, directora de la Red Circuital y el concejal Julio Silvera, presidente de la C\u00e1mara Municipal, entre otras autoridades.<\/p>\n\n\n\n<p>El Diputado Ram\u00f3n Magallanes fue el orador de orden. En su intervenci\u00f3n dio una rese\u00f1a hist\u00f3rica y patri\u00f3tica de la conmemoraci\u00f3n del 19 abril del 1810 y se\u00f1al\u00f3 que \u201csolo cuando el pueblo se arm\u00f3 junto a Bol\u00edvar jug\u00f3 un importante papel, donde logramos la independencia de la patria, defender expandir y consolidar el bien m\u00e1s preciado que hemos reconquistado despu\u00e9s de 213 a\u00f1os, la independencia nacional es el primer objetivo hist\u00f3rico de nuestro Plan de la Patria y legado de nuestro eterno comandante y l\u00edder Hugo Ch\u00e1vez, que nos lleva reafirmar frente a cualquier escenario nuestra voluntad de vencer y de ser libres\u201d.<\/p>\n\n\n\n<p>En el desfile, participaron efectivos pertenecientes a los diferentes cuerpos de seguridad, FANB, GNB, Milicia Bolivariana, PoliGuarico Cuerpo de Bomberos, Protecci\u00f3n Civil, as\u00ed como representantes de las diferentes instituciones educativas tales como E.B Pr\u00f3spero Infante, U.E. C General\u00edsimo Francisco de Miranda, U.E Luisa Rojas de Gonz\u00e1lez, Liceo Nacional Fil\u00f3sofo Andr\u00e9s Bello y U.E Ram\u00f3n Buenahora, entre otros.<\/p>\n\n\n\n<p>El alcalde Pedro Sol\u00f3rzano expres\u00f3 que \u00abes importante siempre recordar y defender nuestra historia, somos un gobierno soberano que no responde a los intereses imperiales, as\u00ed como el rescate de las ra\u00edces culturales e hist\u00f3ricas del pueblo venezolano, legado que, contra todos los embates del imperio y la oligarqu\u00eda, mantenemos vigente con nuestro Gobierno Bolivariano, Revolucionario, Chavista y Antiimperialista\u201d.<\/p>\n\n\n\n<p>Fotos cortes\u00eda  <\/p>\n\n\n\n<p><\/p>\n","protected":false},"excerpt":{"rendered":"<p>Prensa alcald\u00eda.- El 19 de abril, D\u00eda de la Proclamaci\u00f3n de la Independencia, es una de las fechas m\u00e1s importantes de la historia venezolana. En la plaza Bol\u00edvar de la parroquia Altagracia de Orituco se llev\u00f3 en perfecta uni\u00f3n c\u00edvico militar, el homenaje para realzar los 213 a\u00f1os del acto<\/p>\n","protected":false},"author":2,"featured_media":6789,"comment_status":"open","ping_status":"open","sticky":false,"template":"","format":"standard","meta":{"advanced_seo_description":"","jetpack_seo_html_title":"","jetpack_seo_noindex":false,"_jetpack_memberships_contains_paid_content":false,"footnotes":"","jetpack_publicize_message":"","jetpack_publicize_feature_enabled":true,"jetpack_social_post_already_shared":true,"jetpack_social_options":{"image_generator_settings":{"template":"highway","enabled":false},"version":2}},"categories":[335,251],"tags":[8,7,32],"class_list":["post-6788","post","type-post","status-publish","format-standard","has-post-thumbnail","hentry","category-locales","category-webdealta","tag-altagraciadeorituco","tag-guarico","tag-webdealta",""],"jetpack_publicize_connections":[],"jetpack_featured_media_url":"https:\/\/webdealta.info\/wp-content\/uploads\/2023\/04\/19-de-abril-webdealta-alcaldia.png","jetpack_sharing_enabled":true,"jetpack_likes_enabled":true,"jetpack-related-posts":[],"jetpack_shortlink":"https:\/\/wp.me\/pcseDn-1Lu","_links":{"self":[{"href":"https:\/\/webdealta.info\/index.php?rest_route=\/wp\/v2\/posts\/6788","targetHints":{"allow":["GET"]}}],"collection":[{"href":"https:\/\/webdealta.info\/index.php?rest_route=\/wp\/v2\/posts"}],"about":[{"href":"https:\/\/webdealta.info\/index.php?rest_route=\/wp\/v2\/types\/post"}],"author":[{"embeddable":true,"href":"https:\/\/webdealta.info\/index.php?rest_route=\/wp\/v2\/users\/2"}],"replies":[{"embeddable":true,"href":"https:\/\/webdealta.info\/index.php?rest_route=%2Fwp%2Fv2%2Fcomments&post=6788"}],"version-history":[{"count":1,"href":"https:\/\/webdealta.info\/index.php?rest_route=\/wp\/v2\/posts\/6788\/revisions"}],"predecessor-version":[{"id":6790,"href":"https:\/\/webdealta.info\/index.php?rest_route=\/wp\/v2\/posts\/6788\/revisions\/6790"}],"wp:featuredmedia":[{"embeddable":true,"href":"https:\/\/webdealta.info\/index.php?rest_route=\/wp\/v2\/media\/6789"}],"wp:attachment":[{"href":"https:\/\/webdealta.info\/index.php?rest_route=%2Fwp%2Fv2%2Fmedia&parent=6788"}],"wp:term":[{"taxonomy":"category","embeddable":true,"href":"https:\/\/webdealta.info\/index.php?rest_route=%2Fwp%2Fv2%2Fcategories&post=6788"},{"taxonomy":"post_tag","embeddable":true,"href":"https:\/\/webdealta.info\/index.php?rest_route=%2Fwp%2Fv2%2Ftags&post=6788"}],"curies":[{"name":"wp","href":"https:\/\/api.w.org\/{rel}","templated":true}]}}