{"id":6779,"date":"2023-04-18T16:21:03","date_gmt":"2023-04-18T20:21:03","guid":{"rendered":"https:\/\/webdealta.info\/?p=6779"},"modified":"2023-04-18T16:21:04","modified_gmt":"2023-04-18T20:21:04","slug":"javier-alvarez-en-2016-fue-la-ultima-gran-sequia-que-hemos-vivido","status":"publish","type":"post","link":"https:\/\/webdealta.info\/?p=6779","title":{"rendered":"Javier \u00c1lvarez: en 2016 fue la \u201c\u00faltima gran sequ\u00eda que hemos vivido\u201d"},"content":{"rendered":"\n<p><strong>Amanda Saldivia.-<\/strong><\/p>\n\n\n\n<p>Con la intenci\u00f3n de que no olvidemos que hace siete a\u00f1os vivimos una intensa sequ\u00eda, Javier<br>\u00c1lvarez, t\u00e9cnico en Meteorolog\u00eda e Hidrograf\u00eda, actual responsable del manejo del embalse Guanapito, comparti\u00f3 fotograf\u00edas y datos de los registros del 18 de abril de 2016.<\/p>\n\n\n\n<p>\u201cHace exactamente 7 a\u00f1os as\u00ed estaba el embalse Guanapito, la cota era 417,20, el 18 de abril de 2016, fue la \u00faltima gran sequ\u00eda que hemos vivido, esto no se nos puede olvidar, la cota actualmente est\u00e1 muy bien para el 17 de abril de 2023 fue de 433,50, con tasa de descenso de 3 cent\u00edmetros por d\u00eda\u201d, argument\u00f3 \u00c1lvarez en las declaraciones ofrecidas a la Web de Altagracia.<\/p>\n\n\n\n<p>Record\u00f3 que en esa oportunidad, el descenso de ese embalse, ubicado al norte de Altagracia de Orituco, Gu\u00e1rico, fue tan pronunciado que quedaron al descubierto estructuras, como por ejemplo la que aparece en una de las fotograf\u00edas que acompa\u00f1an esta nota de prensa y que corresponde al puente sobre la quebrada Banco de Guanape, v\u00eda Guatopo.<\/p>\n\n\n\n<p>Igualmente, Javier \u00c1lvarez mencion\u00f3 otras maquinarias y sitios que existieron en esa zona, los cuales quedaron bajo las aguas cuando el embalse se llen\u00f3, pero que producto de la sequ\u00eda del a\u00f1o 2016 pudieron ser apreciados.<\/p>\n\n\n\n<p>Por \u00faltimo, fue tajante al afirmar que el \u201cagua almacena hay que cuidarla\u201d, de all\u00ed el empe\u00f1o por el manejo adecuado del embalse y los informes que remite sobre el mantenimiento que requiere el sistema.<\/p>\n\n\n\n<p>@amandasaldivia  <\/p>\n\n\n\n<p><\/p>\n","protected":false},"excerpt":{"rendered":"<p>Amanda Saldivia.- Con la intenci\u00f3n de que no olvidemos que hace siete a\u00f1os vivimos una intensa sequ\u00eda, Javier\u00c1lvarez, t\u00e9cnico en Meteorolog\u00eda e Hidrograf\u00eda, actual responsable del manejo del embalse Guanapito, comparti\u00f3 fotograf\u00edas y datos de los registros del 18 de abril de 2016. \u201cHace exactamente 7 a\u00f1os as\u00ed estaba el<\/p>\n","protected":false},"author":2,"featured_media":6780,"comment_status":"open","ping_status":"open","sticky":false,"template":"","format":"standard","meta":{"advanced_seo_description":"","jetpack_seo_html_title":"","jetpack_seo_noindex":false,"_jetpack_memberships_contains_paid_content":false,"footnotes":"","jetpack_publicize_message":"","jetpack_publicize_feature_enabled":true,"jetpack_social_post_already_shared":true,"jetpack_social_options":{"image_generator_settings":{"template":"highway","enabled":false},"version":2}},"categories":[316,251],"tags":[8,7,32],"class_list":["post-6779","post","type-post","status-publish","format-standard","has-post-thumbnail","hentry","category-clima","category-webdealta","tag-altagraciadeorituco","tag-guarico","tag-webdealta",""],"jetpack_publicize_connections":[],"jetpack_featured_media_url":"https:\/\/webdealta.info\/wp-content\/uploads\/2023\/04\/javier-alvarez-webdealta-clima.png","jetpack_sharing_enabled":true,"jetpack_likes_enabled":true,"jetpack-related-posts":[],"jetpack_shortlink":"https:\/\/wp.me\/pcseDn-1Ll","_links":{"self":[{"href":"https:\/\/webdealta.info\/index.php?rest_route=\/wp\/v2\/posts\/6779","targetHints":{"allow":["GET"]}}],"collection":[{"href":"https:\/\/webdealta.info\/index.php?rest_route=\/wp\/v2\/posts"}],"about":[{"href":"https:\/\/webdealta.info\/index.php?rest_route=\/wp\/v2\/types\/post"}],"author":[{"embeddable":true,"href":"https:\/\/webdealta.info\/index.php?rest_route=\/wp\/v2\/users\/2"}],"replies":[{"embeddable":true,"href":"https:\/\/webdealta.info\/index.php?rest_route=%2Fwp%2Fv2%2Fcomments&post=6779"}],"version-history":[{"count":1,"href":"https:\/\/webdealta.info\/index.php?rest_route=\/wp\/v2\/posts\/6779\/revisions"}],"predecessor-version":[{"id":6781,"href":"https:\/\/webdealta.info\/index.php?rest_route=\/wp\/v2\/posts\/6779\/revisions\/6781"}],"wp:featuredmedia":[{"embeddable":true,"href":"https:\/\/webdealta.info\/index.php?rest_route=\/wp\/v2\/media\/6780"}],"wp:attachment":[{"href":"https:\/\/webdealta.info\/index.php?rest_route=%2Fwp%2Fv2%2Fmedia&parent=6779"}],"wp:term":[{"taxonomy":"category","embeddable":true,"href":"https:\/\/webdealta.info\/index.php?rest_route=%2Fwp%2Fv2%2Fcategories&post=6779"},{"taxonomy":"post_tag","embeddable":true,"href":"https:\/\/webdealta.info\/index.php?rest_route=%2Fwp%2Fv2%2Ftags&post=6779"}],"curies":[{"name":"wp","href":"https:\/\/api.w.org\/{rel}","templated":true}]}}