{"id":6763,"date":"2023-04-16T11:16:26","date_gmt":"2023-04-16T15:16:26","guid":{"rendered":"https:\/\/webdealta.info\/?p=6763"},"modified":"2023-04-16T11:16:27","modified_gmt":"2023-04-16T15:16:27","slug":"con-caminata-resaltaron-el-dia-mundial-de-la-salud","status":"publish","type":"post","link":"https:\/\/webdealta.info\/?p=6763","title":{"rendered":"Con caminata resaltaron el D\u00eda Mundial de la Salud"},"content":{"rendered":"\n<p>Bajo el lema Salud para Todos se realiz\u00f3 la caminata para resaltar el D\u00eda Mundial de la Salud, la cual parti\u00f3 desde la calle Ilustres Pr\u00f3ceres hasta la sede del Hospital Dr. Jos\u00e9 Francisco Torrealba de Altagracia de Orituco.<\/p>\n\n\n\n<p>Cada 07 de abril, se conmemora el D\u00eda Mundial de la Salud, establecido en el a\u00f1o 1949 por la Organizaci\u00f3n Mundial de la Salud (OMS), para concientizar a los pa\u00edses de garantizar a todos sus ciudadanos el derecho a la buena salud. En el caso del municipio Monagas, la fecha escogida para destacar tan importante fecha fue la ma\u00f1ana de este jueves 13 de abril.<\/p>\n\n\n\n<p>La actividad se llev\u00f3 a cabo cumpliendo instrucciones del alcalde Pedro Sol\u00f3rzano y bajo la organizaci\u00f3n de los m\u00e9dicos que conforman el ASIC. Dr Ricardo Isidro Bernal Ramos, con el objetivo de llamar la atenci\u00f3n de la poblaci\u00f3n gracitana sobre tomar las medidas que se requieren para mantener una buena salud, adem\u00e1s de concientizar sobre los estilos de vida m\u00e1s saludables.<\/p>\n\n\n\n<p>En la marcha, estuvieron presentes los trabajadores de la salud de los Consultorios M\u00e9dicos Populares, CDI, CRI, Ipasme, Centro M\u00e9dico, Instituto de la Mujer, Somos Venezuela, Parto Humanizado, Red Educativa Comunal, Voceros de la Salud, L\u00edderes Pol\u00edticos, OBE, UNERG, entre otras instituciones.<\/p>\n\n\n\n<p>La Dra. Rosa Pedrozo, coordinadora de la ASIC municipio Monagas, agradeci\u00f3 el apoyo \u201cde las instituciones que participaron el d\u00eda de hoy, la salud es importante y es un derecho en nuestras vidas, seguimos trabajando por la salud de nuestro pueblo\u00bb.<\/p>\n\n\n\n<p>Prensa alcald\u00eda<\/p>\n\n\n\n<p><\/p>\n","protected":false},"excerpt":{"rendered":"<p>Bajo el lema Salud para Todos se realiz\u00f3 la caminata para resaltar el D\u00eda Mundial de la Salud, la cual parti\u00f3 desde la calle Ilustres Pr\u00f3ceres hasta la sede del Hospital Dr. Jos\u00e9 Francisco Torrealba de Altagracia de Orituco. Cada 07 de abril, se conmemora el D\u00eda Mundial de la<\/p>\n","protected":false},"author":2,"featured_media":6764,"comment_status":"open","ping_status":"open","sticky":false,"template":"","format":"standard","meta":{"advanced_seo_description":"","jetpack_seo_html_title":"","jetpack_seo_noindex":false,"_jetpack_memberships_contains_paid_content":false,"footnotes":"","jetpack_publicize_message":"","jetpack_publicize_feature_enabled":true,"jetpack_social_post_already_shared":true,"jetpack_social_options":{"image_generator_settings":{"template":"highway","enabled":false},"version":2}},"categories":[135,12,251],"tags":[8,7,32],"class_list":["post-6763","post","type-post","status-publish","format-standard","has-post-thumbnail","hentry","category-prevencion","category-salud","category-webdealta","tag-altagraciadeorituco","tag-guarico","tag-webdealta",""],"jetpack_publicize_connections":[],"jetpack_featured_media_url":"https:\/\/webdealta.info\/wp-content\/uploads\/2023\/04\/salud-webdealta-prevencion.png","jetpack_sharing_enabled":true,"jetpack_likes_enabled":true,"jetpack-related-posts":[],"jetpack_shortlink":"https:\/\/wp.me\/pcseDn-1L5","_links":{"self":[{"href":"https:\/\/webdealta.info\/index.php?rest_route=\/wp\/v2\/posts\/6763","targetHints":{"allow":["GET"]}}],"collection":[{"href":"https:\/\/webdealta.info\/index.php?rest_route=\/wp\/v2\/posts"}],"about":[{"href":"https:\/\/webdealta.info\/index.php?rest_route=\/wp\/v2\/types\/post"}],"author":[{"embeddable":true,"href":"https:\/\/webdealta.info\/index.php?rest_route=\/wp\/v2\/users\/2"}],"replies":[{"embeddable":true,"href":"https:\/\/webdealta.info\/index.php?rest_route=%2Fwp%2Fv2%2Fcomments&post=6763"}],"version-history":[{"count":1,"href":"https:\/\/webdealta.info\/index.php?rest_route=\/wp\/v2\/posts\/6763\/revisions"}],"predecessor-version":[{"id":6765,"href":"https:\/\/webdealta.info\/index.php?rest_route=\/wp\/v2\/posts\/6763\/revisions\/6765"}],"wp:featuredmedia":[{"embeddable":true,"href":"https:\/\/webdealta.info\/index.php?rest_route=\/wp\/v2\/media\/6764"}],"wp:attachment":[{"href":"https:\/\/webdealta.info\/index.php?rest_route=%2Fwp%2Fv2%2Fmedia&parent=6763"}],"wp:term":[{"taxonomy":"category","embeddable":true,"href":"https:\/\/webdealta.info\/index.php?rest_route=%2Fwp%2Fv2%2Fcategories&post=6763"},{"taxonomy":"post_tag","embeddable":true,"href":"https:\/\/webdealta.info\/index.php?rest_route=%2Fwp%2Fv2%2Ftags&post=6763"}],"curies":[{"name":"wp","href":"https:\/\/api.w.org\/{rel}","templated":true}]}}