{"id":6751,"date":"2023-04-13T16:01:35","date_gmt":"2023-04-13T20:01:35","guid":{"rendered":"https:\/\/webdealta.info\/?p=6751"},"modified":"2023-04-13T16:01:36","modified_gmt":"2023-04-13T20:01:36","slug":"en-altagracia-marcharon-para-concienciar-sobre-el-autismo","status":"publish","type":"post","link":"https:\/\/webdealta.info\/?p=6751","title":{"rendered":"En Altagracia marcharon para concienciar sobre el autismo"},"content":{"rendered":"\n<p>Prensa alcald\u00eda.-<\/p>\n\n\n\n<p>El Trastorno del Espectro Autista (TEA), es una condici\u00f3n relacionada con el desarrollo del cerebro, que afecta la manera en la que una persona percibe y socializa con otras, lo que con frecuencia causa problemas en la comunicaci\u00f3n y la interacci\u00f3n social, tambi\u00e9n podr\u00edan tener maneras diferentes de aprender, moverse o prestar atenci\u00f3n.<\/p>\n\n\n\n<p>En este sentido, este jueves 13 de abril, alrededor de 100 personas se dieron cita en la calle Ilustres Pr\u00f3ceres con Hurtado Ascanio, para dirigirse a la plaza Bol\u00edvar de Altagracia de Orituco, en una marcha que tuvo como objetivo visibilizar y concientizar a la poblaci\u00f3n acerca de las personas que viven con autismo, para lograr promover una mayor conciencia respecto a esta condici\u00f3n.<\/p>\n\n\n\n<p>Esto, en el marco del D\u00eda Mundial de la Concienciaci\u00f3n sobre el Autismo, establecido por la Asamblea General de la Organizaci\u00f3n de las Naciones Unidas, decretado como d\u00eda oficial el 02 de abril. La actividad fue organizada por la Fundaci\u00f3n Fundapaola, la Fundaci\u00f3n Ni\u00f1o Sim\u00f3n y la Alcald\u00eda del municipio Jos\u00e9 Tadeo Monagas.<\/p>\n\n\n\n<p>Evelyn de Andrade, presidenta de la Fundaci\u00f3n FundaPaola, destac\u00f3 la necesidad de un abordaje respetuoso de las personas con autismo, as\u00ed como tambi\u00e9n se\u00f1al\u00f3 que todo el mes de abril ser\u00e1 de concientizar a la poblaci\u00f3n en general para que exista una mayor comprensi\u00f3n hacia estas personas.<\/p>\n\n\n\n<p>De igual forma, Luis del Corral, director general de la alcald\u00eda del municipio Monagas, expres\u00f3 todo el apoyo a la iniciativa de visibilizar esta fecha, con la finalidad de garantizar los derechos de inclusi\u00f3n, al tiempo que reiter\u00f3 el compromiso de ese ente gubernamental y de la Fundaci\u00f3n Ni\u00f1o Sim\u00f3n.<\/p>\n\n\n\n<p>Durante la actividad los ni\u00f1os contaron con participaciones de canto, poes\u00eda y exclamaciones por parte de estudiantes de la escuela b\u00e1sica Abelardo M\u00e9ndez, de igual forma el Coro Manos Blancas deleit\u00f3 a los presentes con una emotiva presentaci\u00f3n.  <\/p>\n\n\n\n<p>Fotos cortes\u00eda<\/p>\n\n\n\n<p><\/p>\n","protected":false},"excerpt":{"rendered":"<p>Prensa alcald\u00eda.- El Trastorno del Espectro Autista (TEA), es una condici\u00f3n relacionada con el desarrollo del cerebro, que afecta la manera en la que una persona percibe y socializa con otras, lo que con frecuencia causa problemas en la comunicaci\u00f3n y la interacci\u00f3n social, tambi\u00e9n podr\u00edan tener maneras diferentes de<\/p>\n","protected":false},"author":2,"featured_media":6752,"comment_status":"open","ping_status":"open","sticky":false,"template":"","format":"standard","meta":{"advanced_seo_description":"","jetpack_seo_html_title":"","jetpack_seo_noindex":false,"_jetpack_memberships_contains_paid_content":false,"footnotes":"","jetpack_publicize_message":"","jetpack_publicize_feature_enabled":true,"jetpack_social_post_already_shared":true,"jetpack_social_options":{"image_generator_settings":{"template":"highway","enabled":false},"version":2}},"categories":[335,251],"tags":[8,7,32],"class_list":["post-6751","post","type-post","status-publish","format-standard","has-post-thumbnail","hentry","category-locales","category-webdealta","tag-altagraciadeorituco","tag-guarico","tag-webdealta",""],"jetpack_publicize_connections":[],"jetpack_featured_media_url":"https:\/\/webdealta.info\/wp-content\/uploads\/2023\/04\/marcha-autismo-webdealta.png","jetpack_sharing_enabled":true,"jetpack_likes_enabled":true,"jetpack-related-posts":[],"jetpack_shortlink":"https:\/\/wp.me\/pcseDn-1KT","_links":{"self":[{"href":"https:\/\/webdealta.info\/index.php?rest_route=\/wp\/v2\/posts\/6751","targetHints":{"allow":["GET"]}}],"collection":[{"href":"https:\/\/webdealta.info\/index.php?rest_route=\/wp\/v2\/posts"}],"about":[{"href":"https:\/\/webdealta.info\/index.php?rest_route=\/wp\/v2\/types\/post"}],"author":[{"embeddable":true,"href":"https:\/\/webdealta.info\/index.php?rest_route=\/wp\/v2\/users\/2"}],"replies":[{"embeddable":true,"href":"https:\/\/webdealta.info\/index.php?rest_route=%2Fwp%2Fv2%2Fcomments&post=6751"}],"version-history":[{"count":1,"href":"https:\/\/webdealta.info\/index.php?rest_route=\/wp\/v2\/posts\/6751\/revisions"}],"predecessor-version":[{"id":6753,"href":"https:\/\/webdealta.info\/index.php?rest_route=\/wp\/v2\/posts\/6751\/revisions\/6753"}],"wp:featuredmedia":[{"embeddable":true,"href":"https:\/\/webdealta.info\/index.php?rest_route=\/wp\/v2\/media\/6752"}],"wp:attachment":[{"href":"https:\/\/webdealta.info\/index.php?rest_route=%2Fwp%2Fv2%2Fmedia&parent=6751"}],"wp:term":[{"taxonomy":"category","embeddable":true,"href":"https:\/\/webdealta.info\/index.php?rest_route=%2Fwp%2Fv2%2Fcategories&post=6751"},{"taxonomy":"post_tag","embeddable":true,"href":"https:\/\/webdealta.info\/index.php?rest_route=%2Fwp%2Fv2%2Ftags&post=6751"}],"curies":[{"name":"wp","href":"https:\/\/api.w.org\/{rel}","templated":true}]}}