{"id":6747,"date":"2023-04-12T21:58:21","date_gmt":"2023-04-13T01:58:21","guid":{"rendered":"https:\/\/webdealta.info\/?p=6747"},"modified":"2023-04-12T21:58:23","modified_gmt":"2023-04-13T01:58:23","slug":"guarico-destino-turistico-y-de-fe-con-mas-de-147-mil-900-temporadistas","status":"publish","type":"post","link":"https:\/\/webdealta.info\/?p=6747","title":{"rendered":"Gu\u00e1rico destino tur\u00edstico y de fe con m\u00e1s de 147 mil 900 temporadistas"},"content":{"rendered":"\n<p>Sibci Gu\u00e1rico.-<\/p>\n\n\n\n<p>En un 116,16% fue el incremento de temporadistas registrado en el estado Gu\u00e1rico durante la Semana Santa 2023, siendo esto un total de 147 mil 919 personas que sobrepasan las 68 mil 408 movilizadas para el a\u00f1o 2022, representando en esta ocasi\u00f3n un \u00e9xito estrat\u00e9gico en el aspecto tur\u00edstico, cultural y religioso de acuerdo al reporte presentado por el gobernador Jos\u00e9 V\u00e1squez ante los medios de comunicaci\u00f3n social.<\/p>\n\n\n\n<p>\u00abEs un balance muy positivo donde posicionamos a Gu\u00e1rico como destino tur\u00edstico y de fe\u00bb, afirm\u00f3 V\u00e1squez durante el encuentro medi\u00e1tico, en el cual enfatiz\u00f3 que para esta oportunidad el trabajo gubernamental tuvo su enfoque en 8 componentes de acci\u00f3n, siendo estos: Religioso; Turismo; Comunicaci\u00f3n; Festivo; Deporte, Cultura, Recreaci\u00f3n y Tradici\u00f3n; Seguridad; Econ\u00f3mico; as\u00ed como Infraestructura, Mantenimiento y Dotaci\u00f3n.<\/p>\n\n\n\n<p>Sitios de preferencia<\/p>\n\n\n\n<p>Con la visita de m\u00e1s de 61 mil 569 temporadistas, el Mandatario Regional resalt\u00f3 que el Parque Nacional Aguaro Guariquito ubicado en el municipio Juan Jos\u00e9 Rond\u00f3n fue el punto tur\u00edstico de mayor actividad tur\u00edstica, seguido del Balneario R\u00edo Verde con la visita de m\u00e1s de 32 mil personas; Centro Tur\u00edstico Las Playitas en Calabozo con m\u00e1s de 14 mil visitas; Balneario El Castrero y el Hotel &amp; Spa Aguas Termales en San Juan de los Morros, siendo estos los punto reconocidos a nivel nacional por su alto impacto tur\u00edstico.<\/p>\n\n\n\n<p>En relaci\u00f3n a la cadena hotelera fue ocupada en un 50%, mientras que en el \u00e1mbito econ\u00f3mico los emprendedores incrementaron su presencia en un mil 600%, aprovechando los espacios para elevar su desarrollo econ\u00f3mico.<\/p>\n\n\n\n<p>Seguridad m\u00e1xima y m\u00ednima incidencia<\/p>\n\n\n\n<p>Ante la gran afluencia de temporadistas, el gobernador Jos\u00e9 V\u00e1squez destac\u00f3 la eficacia del dispositivo de seguridad implementado en articulaci\u00f3n con el comandante de la Zona Operativa de Defensa Integral 35 (ZODI Gu\u00e1rico) G\/D Jon\u00e1s P\u00e1ez Cabrera y el secretario de Seguridad y Defensa Ciudadana, G\/D Luiger Ugas Medina, lo cual permiti\u00f3 el resguardo y asistencia de la poblaci\u00f3n en m\u00e1s de 130 puntos de control, tanto viales como tur\u00edsticos con el despliegue de m\u00e1s de 7 mil hombres y mujeres de los diferentes organismos de seguridad, prevenci\u00f3n y salud, lamentando solo la perdida de una persona en un accidente de tr\u00e1nsito en el tramo de Dos Caminos.  <\/p>\n\n\n\n<p><\/p>\n","protected":false},"excerpt":{"rendered":"<p>Sibci Gu\u00e1rico.- En un 116,16% fue el incremento de temporadistas registrado en el estado Gu\u00e1rico durante la Semana Santa 2023, siendo esto un total de 147 mil 919 personas que sobrepasan las 68 mil 408 movilizadas para el a\u00f1o 2022, representando en esta ocasi\u00f3n un \u00e9xito estrat\u00e9gico en el aspecto<\/p>\n","protected":false},"author":2,"featured_media":6748,"comment_status":"open","ping_status":"open","sticky":false,"template":"","format":"standard","meta":{"advanced_seo_description":"","jetpack_seo_html_title":"","jetpack_seo_noindex":false,"_jetpack_memberships_contains_paid_content":false,"footnotes":"","jetpack_publicize_message":"","jetpack_publicize_feature_enabled":true,"jetpack_social_post_already_shared":true,"jetpack_social_options":{"image_generator_settings":{"template":"highway","enabled":false},"version":2}},"categories":[312,284,251],"tags":[8,7,32],"class_list":["post-6747","post","type-post","status-publish","format-standard","has-post-thumbnail","hentry","category-balance-semana-santa","category-gobierno-de-guarico","category-webdealta","tag-altagraciadeorituco","tag-guarico","tag-webdealta",""],"jetpack_publicize_connections":[],"jetpack_featured_media_url":"https:\/\/webdealta.info\/wp-content\/uploads\/2023\/04\/gobernador-webdealta-vasquez.png","jetpack_sharing_enabled":true,"jetpack_likes_enabled":true,"jetpack-related-posts":[],"jetpack_shortlink":"https:\/\/wp.me\/pcseDn-1KP","_links":{"self":[{"href":"https:\/\/webdealta.info\/index.php?rest_route=\/wp\/v2\/posts\/6747","targetHints":{"allow":["GET"]}}],"collection":[{"href":"https:\/\/webdealta.info\/index.php?rest_route=\/wp\/v2\/posts"}],"about":[{"href":"https:\/\/webdealta.info\/index.php?rest_route=\/wp\/v2\/types\/post"}],"author":[{"embeddable":true,"href":"https:\/\/webdealta.info\/index.php?rest_route=\/wp\/v2\/users\/2"}],"replies":[{"embeddable":true,"href":"https:\/\/webdealta.info\/index.php?rest_route=%2Fwp%2Fv2%2Fcomments&post=6747"}],"version-history":[{"count":1,"href":"https:\/\/webdealta.info\/index.php?rest_route=\/wp\/v2\/posts\/6747\/revisions"}],"predecessor-version":[{"id":6749,"href":"https:\/\/webdealta.info\/index.php?rest_route=\/wp\/v2\/posts\/6747\/revisions\/6749"}],"wp:featuredmedia":[{"embeddable":true,"href":"https:\/\/webdealta.info\/index.php?rest_route=\/wp\/v2\/media\/6748"}],"wp:attachment":[{"href":"https:\/\/webdealta.info\/index.php?rest_route=%2Fwp%2Fv2%2Fmedia&parent=6747"}],"wp:term":[{"taxonomy":"category","embeddable":true,"href":"https:\/\/webdealta.info\/index.php?rest_route=%2Fwp%2Fv2%2Fcategories&post=6747"},{"taxonomy":"post_tag","embeddable":true,"href":"https:\/\/webdealta.info\/index.php?rest_route=%2Fwp%2Fv2%2Ftags&post=6747"}],"curies":[{"name":"wp","href":"https:\/\/api.w.org\/{rel}","templated":true}]}}