{"id":6742,"date":"2023-04-11T20:50:01","date_gmt":"2023-04-12T00:50:01","guid":{"rendered":"https:\/\/webdealta.info\/?p=6742"},"modified":"2023-04-11T20:50:02","modified_gmt":"2023-04-12T00:50:02","slug":"comerciantes-iran-al-cleg-a-pedir-revision-de-tarifas-de-hidropaez","status":"publish","type":"post","link":"https:\/\/webdealta.info\/?p=6742","title":{"rendered":"Comerciantes ir\u00e1n al CLEG a pedir revisi\u00f3n de tarifas de Hidrop\u00e1ez"},"content":{"rendered":"\n<p>Amanda Saldivia.-<\/p>\n\n\n\n<p>Un derecho de palabra en el Consejo Legislativo del estado Gu\u00e1rico, es el pr\u00f3ximo paso que dar\u00e1n los directivos de las C\u00e1maras de Comercio de la entidad, con el apoyo de Fedec\u00e1maras regional, a los fines de continuar con la exigencia de establecer mesas de trabajo que permitan llegar a acuerdos sobre las tarifas emitidas por la Hidrol\u00f3gica P\u00e1ez, las cuales seg\u00fan los afectados son exorbitantes.<\/p>\n\n\n\n<p>Esa nueva acci\u00f3n, en pro de que se establezca el di\u00e1logo con Hidrop\u00e1ez, fue dada a conocer por Pablo Rojas, presidente de la C\u00e1mara de Comercio del municipio Monagas, quien particip\u00f3 en el programa Tiempo de Cambios de este martes 11 de abril, acompa\u00f1ado por el directivo Sixto Coronil.<\/p>\n\n\n\n<p>Ambos comerciantes gracitanos, reiteraron que es necesario sentarse a revisar c\u00f3mo Hidrop\u00e1ez realiza el c\u00e1lculo del servicio, porque los recibos, en la mayor\u00eda de los casos, superan los 50$, adem\u00e1s de algunos en 300, 400 y m\u00e1s de 500 d\u00f3lares, lo que no se corresponde ni con la cantidad de agua potable que reciben ni con la calidad de esta.<\/p>\n\n\n\n<p>Insistieron en que es necesario el di\u00e1logo, porque los \u201c\u00e1nimos est\u00e1n caldeados\u201d en el gremio de comerciantes de Altagracia de Orituco, que, aunque no se niegan a pagar, Hidrop\u00e1ez no les acepta convenios de pago, proceden a cortar el servicio y hay malos tratos hacia el suscriptor por parte de algunos trabajadores.<\/p>\n\n\n\n<p>Otro aspecto abordado por Pablo Rojas y Sixto Coronil, fue el apoyo que esperan de parte del alcalde Pedro Sol\u00f3rzano y de Julio Silvera, presidente del Concejo Municipal, con la finalidad de que viabilicen el di\u00e1logo, toda vez que fue solicitado formalmente el 22 de marzo en la oficina de Hidrop\u00e1ez en San Juan de los Morros, gesti\u00f3n realizada junto a sus colegas de las c\u00e1maras de Valle de la Pascua, Calabozo y Roscio, con el apoyo de Fedec\u00e1maras Gu\u00e1rico.<\/p>\n\n\n\n<p>Recordaron que han seguido una serie de pasos a solicitud de los comerciantes, tras realizar una primera asamblea el 15 de febrero de este a\u00f1o. Esto incluy\u00f3 una marcha el 14 de marzo, en la cual se llev\u00f3 copia de esa comunicaci\u00f3n al alcalde, al Concejo Municipal y a la oficina local de Hidrop\u00e1ez, mientras la original fue llevada en la fecha antes se\u00f1alada, es decir el 22 de marzo. Hasta el momento no ha habido respuesta de parte de ninguno de los organismos.<\/p>\n\n\n\n<p>Por ese motivo, est\u00e1n propiciando otra instancia de intermediaci\u00f3n con Hidrop\u00e1ez, en este caso el Consejo Legislativo del estado Gu\u00e1rico.<\/p>\n\n\n\n<p>@amandasaldivia   <\/p>\n\n\n\n<p><\/p>\n","protected":false},"excerpt":{"rendered":"<p>Amanda Saldivia.- Un derecho de palabra en el Consejo Legislativo del estado Gu\u00e1rico, es el pr\u00f3ximo paso que dar\u00e1n los directivos de las C\u00e1maras de Comercio de la entidad, con el apoyo de Fedec\u00e1maras regional, a los fines de continuar con la exigencia de establecer mesas de trabajo que permitan<\/p>\n","protected":false},"author":2,"featured_media":6743,"comment_status":"open","ping_status":"open","sticky":false,"template":"","format":"standard","meta":{"advanced_seo_description":"","jetpack_seo_html_title":"","jetpack_seo_noindex":false,"_jetpack_memberships_contains_paid_content":false,"footnotes":"","jetpack_publicize_message":"","jetpack_publicize_feature_enabled":true,"jetpack_social_post_already_shared":true,"jetpack_social_options":{"image_generator_settings":{"template":"highway","enabled":false},"version":2}},"categories":[310,268,251],"tags":[8,7,32],"class_list":["post-6742","post","type-post","status-publish","format-standard","has-post-thumbnail","hentry","category-camara-de-comercio","category-servicios-publicos","category-webdealta","tag-altagraciadeorituco","tag-guarico","tag-webdealta",""],"jetpack_publicize_connections":[],"jetpack_featured_media_url":"https:\/\/webdealta.info\/wp-content\/uploads\/2023\/04\/gremio-comerciantes-webdealta-2.png","jetpack_sharing_enabled":true,"jetpack_likes_enabled":true,"jetpack-related-posts":[],"jetpack_shortlink":"https:\/\/wp.me\/pcseDn-1KK","_links":{"self":[{"href":"https:\/\/webdealta.info\/index.php?rest_route=\/wp\/v2\/posts\/6742","targetHints":{"allow":["GET"]}}],"collection":[{"href":"https:\/\/webdealta.info\/index.php?rest_route=\/wp\/v2\/posts"}],"about":[{"href":"https:\/\/webdealta.info\/index.php?rest_route=\/wp\/v2\/types\/post"}],"author":[{"embeddable":true,"href":"https:\/\/webdealta.info\/index.php?rest_route=\/wp\/v2\/users\/2"}],"replies":[{"embeddable":true,"href":"https:\/\/webdealta.info\/index.php?rest_route=%2Fwp%2Fv2%2Fcomments&post=6742"}],"version-history":[{"count":1,"href":"https:\/\/webdealta.info\/index.php?rest_route=\/wp\/v2\/posts\/6742\/revisions"}],"predecessor-version":[{"id":6744,"href":"https:\/\/webdealta.info\/index.php?rest_route=\/wp\/v2\/posts\/6742\/revisions\/6744"}],"wp:featuredmedia":[{"embeddable":true,"href":"https:\/\/webdealta.info\/index.php?rest_route=\/wp\/v2\/media\/6743"}],"wp:attachment":[{"href":"https:\/\/webdealta.info\/index.php?rest_route=%2Fwp%2Fv2%2Fmedia&parent=6742"}],"wp:term":[{"taxonomy":"category","embeddable":true,"href":"https:\/\/webdealta.info\/index.php?rest_route=%2Fwp%2Fv2%2Fcategories&post=6742"},{"taxonomy":"post_tag","embeddable":true,"href":"https:\/\/webdealta.info\/index.php?rest_route=%2Fwp%2Fv2%2Ftags&post=6742"}],"curies":[{"name":"wp","href":"https:\/\/api.w.org\/{rel}","templated":true}]}}