{"id":6736,"date":"2023-04-11T09:42:57","date_gmt":"2023-04-11T13:42:57","guid":{"rendered":"https:\/\/webdealta.info\/?p=6736"},"modified":"2023-04-11T09:42:58","modified_gmt":"2023-04-11T13:42:58","slug":"caso-julian-kari-betancourt-dictaron-femicidio-agravado-a-serrano-perez","status":"publish","type":"post","link":"https:\/\/webdealta.info\/?p=6736","title":{"rendered":"Caso Julian Kari Betancourt: dictaron femicidio agravado a Serrano P\u00e9rez"},"content":{"rendered":"\n<p>Amanda Saldivia.-<\/p>\n\n\n\n<p>Medida privativa de libertad, por el delito de femicidio agravado y porte il\u00edcito de armas de fuego, fue dictada a Jacinto Jos\u00e9 Serrano P\u00e9rez (56), al ser presentado en el Circuito Judicial Penal de San Juan de los Morros, como responsable del asesinato de Julian Kari Betancourt, joven de 27 a\u00f1os de edad con la cual conviv\u00eda. &nbsp;<\/p>\n\n\n\n<p>La decisi\u00f3n de privativa de libertad en contra de Serrano P\u00e9rez se conoci\u00f3 en la tarde de este lunes 10 de abril. Sobre este caso trascendi\u00f3 que fue clave la experticia realizada por los detectives del Cuerpo de Investigaciones Cient\u00edficas, Penales y Criminal\u00edsticas de la Delegaci\u00f3n Municipal de Altagracia de Orituco, quienes descartaron que el hecho se trat\u00f3 de un suicidio, como inicialmente argument\u00f3 el victimario, con el fin de eludir a la justicia.<\/p>\n\n\n\n<p>Este lamentable hecho se registr\u00f3 el pasado jueves seis de abril, a las 11:00 pm, en medio de una discusi\u00f3n que sostuvo la pareja en la residencia de ambos, ubicada en la vereda 5, transversal 3, de la urbanizaci\u00f3n Jos\u00e9 Francisco Torrealba (Camoruco), de Altagracia de Orituco.<\/p>\n\n\n\n<p>La joven recibi\u00f3 un impacto de bala en la cabeza. Como se mencion\u00f3 anteriormente, el victimario al dar parte de las autoridades dijo que habr\u00eda sido ella la que tom\u00f3 el arma y se dispar\u00f3, tras haber sostenido una discusi\u00f3n.<\/p>\n\n\n\n<p>Sin embargo, las pruebas realizadas, entre ellas la autopsia y los componentes de p\u00f3lvora fueron determinantes para concluir que se trat\u00f3 de un femicidio, motivo por el cual el caso fue remitido a la Fiscal\u00eda Octava del Ministerio P\u00fablico.<\/p>\n\n\n\n<p><strong>Pronunciamiento del Instituto de la Mujer<\/strong><\/p>\n\n\n\n<p>Sobre este caso, se consult\u00f3 a Norelis Benavente, presidenta del Instituto Municipal de la Mujer, quien dijo que \u201ces triste y lamentable lo ocurrido, adem\u00e1s de preocupante el reporte de agresi\u00f3n hacia las mujeres en los \u00faltimos d\u00edas\u201d.<\/p>\n\n\n\n<p>La presidenta del Instituto de la Mujer, precis\u00f3 que si bien es cierto ellos no son receptores de denuncias, si hacen el acompa\u00f1amiento a las v\u00edctimas, con el enfoque \u201ca la prevenci\u00f3n, educar a la poblaci\u00f3n, tanto mujeres como hombres, orientar y asesorar dando a conocer la Ley, as\u00ed como las formas de violencias, exhortando a poner un alto y denunciar cuando se evidencie un hecho\u201d.<\/p>\n\n\n\n<p>@amandasaldivia  <\/p>\n\n\n\n<p><\/p>\n","protected":false},"excerpt":{"rendered":"<p>Amanda Saldivia.- Medida privativa de libertad, por el delito de femicidio agravado y porte il\u00edcito de armas de fuego, fue dictada a Jacinto Jos\u00e9 Serrano P\u00e9rez (56), al ser presentado en el Circuito Judicial Penal de San Juan de los Morros, como responsable del asesinato de Julian Kari Betancourt, joven<\/p>\n","protected":false},"author":2,"featured_media":6737,"comment_status":"open","ping_status":"open","sticky":false,"template":"","format":"standard","meta":{"advanced_seo_description":"","jetpack_seo_html_title":"","jetpack_seo_noindex":false,"_jetpack_memberships_contains_paid_content":false,"footnotes":"","jetpack_publicize_message":"","jetpack_publicize_feature_enabled":true,"jetpack_social_post_already_shared":true,"jetpack_social_options":{"image_generator_settings":{"template":"highway","enabled":false},"version":2}},"categories":[251],"tags":[8,7,32],"class_list":["post-6736","post","type-post","status-publish","format-standard","has-post-thumbnail","hentry","category-webdealta","tag-altagraciadeorituco","tag-guarico","tag-webdealta",""],"jetpack_publicize_connections":[],"jetpack_featured_media_url":"https:\/\/webdealta.info\/wp-content\/uploads\/2023\/04\/caso-serano-pe\u00b4rez-webdealta.png","jetpack_sharing_enabled":true,"jetpack_likes_enabled":true,"jetpack-related-posts":[],"jetpack_shortlink":"https:\/\/wp.me\/pcseDn-1KE","_links":{"self":[{"href":"https:\/\/webdealta.info\/index.php?rest_route=\/wp\/v2\/posts\/6736","targetHints":{"allow":["GET"]}}],"collection":[{"href":"https:\/\/webdealta.info\/index.php?rest_route=\/wp\/v2\/posts"}],"about":[{"href":"https:\/\/webdealta.info\/index.php?rest_route=\/wp\/v2\/types\/post"}],"author":[{"embeddable":true,"href":"https:\/\/webdealta.info\/index.php?rest_route=\/wp\/v2\/users\/2"}],"replies":[{"embeddable":true,"href":"https:\/\/webdealta.info\/index.php?rest_route=%2Fwp%2Fv2%2Fcomments&post=6736"}],"version-history":[{"count":1,"href":"https:\/\/webdealta.info\/index.php?rest_route=\/wp\/v2\/posts\/6736\/revisions"}],"predecessor-version":[{"id":6738,"href":"https:\/\/webdealta.info\/index.php?rest_route=\/wp\/v2\/posts\/6736\/revisions\/6738"}],"wp:featuredmedia":[{"embeddable":true,"href":"https:\/\/webdealta.info\/index.php?rest_route=\/wp\/v2\/media\/6737"}],"wp:attachment":[{"href":"https:\/\/webdealta.info\/index.php?rest_route=%2Fwp%2Fv2%2Fmedia&parent=6736"}],"wp:term":[{"taxonomy":"category","embeddable":true,"href":"https:\/\/webdealta.info\/index.php?rest_route=%2Fwp%2Fv2%2Fcategories&post=6736"},{"taxonomy":"post_tag","embeddable":true,"href":"https:\/\/webdealta.info\/index.php?rest_route=%2Fwp%2Fv2%2Ftags&post=6736"}],"curies":[{"name":"wp","href":"https:\/\/api.w.org\/{rel}","templated":true}]}}