{"id":6716,"date":"2023-04-04T20:23:01","date_gmt":"2023-04-05T00:23:01","guid":{"rendered":"https:\/\/webdealta.info\/?p=6716"},"modified":"2023-04-04T20:23:02","modified_gmt":"2023-04-05T00:23:02","slug":"gobierno-bolivariano-embellecio-iglesia-nuestra-senora-de-altagracia","status":"publish","type":"post","link":"https:\/\/webdealta.info\/?p=6716","title":{"rendered":"Gobierno Bolivariano embelleci\u00f3 Iglesia Nuestra Se\u00f1ora de Altagracia"},"content":{"rendered":"\n<p>Sibci Gu\u00e1rico<\/p>\n\n\n\n<p>A trav\u00e9s de la Misi\u00f3n Venezuela Bella en el estado Gu\u00e1rico se consolid\u00f3 el proyecto de rehabilitaci\u00f3n y embellecimiento integral de la Iglesia Nuestra Se\u00f1ora de Altagracia, la cual se ubica en el municipio Jos\u00e9 Tadeo Monagas donde se garantiza a la poblaci\u00f3n un espacio de paz, en \u00f3ptimas condiciones al pueblo gracitano para la pr\u00e1ctica de la devoci\u00f3n cat\u00f3lica en el marco de la Semana Santa 2023.<\/p>\n\n\n\n<p>En este contexto, el gobernador de la entidad llanera Jos\u00e9 V\u00e1squez en compa\u00f1\u00eda de la presidente de la Gran Misi\u00f3n Venezuela Bella, Jackeline Far\u00edas; el alcalde Pedro Solorzano; equipo de gobierno del \u00e1rea de infraestructura junto al Poder Popular organizado, realiz\u00f3 la reinauguraci\u00f3n de dicho templo religioso que data de m\u00e1s de 100 a\u00f1os de historia, siendo un patrimonio religioso y cultural de la localidad que gracias a las pol\u00edticas del Gobierno Bolivariano se renov\u00f3 la misma.<\/p>\n\n\n\n<figure class=\"wp-block-image size-large\"><img loading=\"lazy\" decoding=\"async\" width=\"1024\" height=\"546\" src=\"https:\/\/webdealta.info\/wp-content\/uploads\/2023\/04\/inauguracion-iglesia-nuestra-Senora-de-Altagracia-webdealta-1024x546.png\" alt=\"\" class=\"wp-image-6718\" srcset=\"https:\/\/webdealta.info\/wp-content\/uploads\/2023\/04\/inauguracion-iglesia-nuestra-Senora-de-Altagracia-webdealta.png 1024w, https:\/\/webdealta.info\/wp-content\/uploads\/2023\/04\/inauguracion-iglesia-nuestra-Senora-de-Altagracia-webdealta.png 300w, https:\/\/webdealta.info\/wp-content\/uploads\/2023\/04\/inauguracion-iglesia-nuestra-Senora-de-Altagracia-webdealta.png 768w, https:\/\/webdealta.info\/wp-content\/uploads\/2023\/04\/inauguracion-iglesia-nuestra-Senora-de-Altagracia-webdealta.png 1170w, https:\/\/webdealta.info\/wp-content\/uploads\/2023\/04\/inauguracion-iglesia-nuestra-Senora-de-Altagracia-webdealta.png 1500w, https:\/\/webdealta.info\/wp-content\/uploads\/2023\/04\/inauguracion-iglesia-nuestra-Senora-de-Altagracia-webdealta.png 1280w\" sizes=\"auto, (max-width: 640px) 100vw, 640px\" \/><\/figure>\n\n\n\n<p>Las mejoras integrales realizadas en la Iglesia Nuestra Se\u00f1ora de Altagracia comprender. impermeabilizaci\u00f3n exterior en techo; acondicionamiento de superficies; pintura en paredes interiores y fachada; restauraci\u00f3n de puertas y ventanas; electrificaci\u00f3n e iluminaci\u00f3n entre otras labores.<\/p>\n\n\n\n<p>\u201cEstamos consolidando el derecho a la ciudad que se merece nuestro pueblo. La Misi\u00f3n Venezuela Bella ha estado presente en todos los municipios de Gu\u00e1rico en \u00e1rea de vialidad, universitario, espacios p\u00fablicos como las Plazas Bol\u00edvar, siguiendo una planificaci\u00f3n que permite atender directamente al pueblo\u00bb, enfatiz\u00f3 V\u00e1squez.<\/p>\n\n\n\n<p>Por su parte la presidenta de la Misi\u00f3n Venezuela Bella, Ing. Jackeline Far\u00edas, indic\u00f3 que est\u00e1 corresponde a la iglesia cat\u00f3lica n\u00famero 564 en ser rehabilitada a nivel nacional, formando parte de la amplia acci\u00f3n generada a trav\u00e9s de este programa que hasta la fecha tambi\u00e9n ha logrado abarcar m\u00e1s de mil 200 iglesias evang\u00e9licas, 815 plazas p\u00fablicas de las cuales m\u00e1s de 130 son Bol\u00edvar.<\/p>\n\n\n\n<p>\u00abHoy estamos haciendo historia en nuestro municipio con el rescate de este patrimonio religioso de la localidad, y no solo es este \u00e1mbito estamos trabajando, sino adem\u00e1s en la rehabilitaci\u00f3n del terminal de pasajeros, la construcci\u00f3n del distribuidor vial Manuel R\u00edos, cumpliendo con la transformaci\u00f3n y desarrollo de nuestro municipio\u00bb, acot\u00f3 el alcalde Pedro Solorzano.<\/p>\n\n\n\n<p>El acto de reinauguraci\u00f3n de los espacios tambi\u00e9n cont\u00f3 con la presencia de representantes militares como el comandante de la Aviaci\u00f3n Militar Bolivariana, M\/G Santiago Alejandro Infante; G\/D Jon\u00e1s P\u00e1ez Cabrera, comandante de la Zona Operativa de Defensa Integral 35 (ZODI Gu\u00e1rico), destacando la unidad c\u00edvico militar y policial de los diferentes organismos de seguridad en cuanto al acompa\u00f1amiento de la poblaci\u00f3n para la celebraci\u00f3n de los actos religiosos durante la Semana Mayor.   <\/p>\n\n\n\n<p>Fotos cortes\u00eda Sibci y Webdealta<\/p>\n","protected":false},"excerpt":{"rendered":"<p>Sibci Gu\u00e1rico A trav\u00e9s de la Misi\u00f3n Venezuela Bella en el estado Gu\u00e1rico se consolid\u00f3 el proyecto de rehabilitaci\u00f3n y embellecimiento integral de la Iglesia Nuestra Se\u00f1ora de Altagracia, la cual se ubica en el municipio Jos\u00e9 Tadeo Monagas donde se garantiza a la poblaci\u00f3n un espacio de paz, en<\/p>\n","protected":false},"author":2,"featured_media":6717,"comment_status":"open","ping_status":"open","sticky":false,"template":"","format":"standard","meta":{"advanced_seo_description":"","jetpack_seo_html_title":"","jetpack_seo_noindex":false,"_jetpack_memberships_contains_paid_content":false,"footnotes":"","jetpack_publicize_message":"","jetpack_publicize_feature_enabled":true,"jetpack_social_post_already_shared":true,"jetpack_social_options":{"image_generator_settings":{"template":"highway","enabled":false},"version":2}},"categories":[335,251],"tags":[8,7,32],"class_list":["post-6716","post","type-post","status-publish","format-standard","has-post-thumbnail","hentry","category-locales","category-webdealta","tag-altagraciadeorituco","tag-guarico","tag-webdealta",""],"jetpack_publicize_connections":[],"jetpack_featured_media_url":"https:\/\/webdealta.info\/wp-content\/uploads\/2023\/04\/Iglesia-inauguracion-webdealta.png","jetpack_sharing_enabled":true,"jetpack_likes_enabled":true,"jetpack-related-posts":[],"jetpack_shortlink":"https:\/\/wp.me\/pcseDn-1Kk","_links":{"self":[{"href":"https:\/\/webdealta.info\/index.php?rest_route=\/wp\/v2\/posts\/6716","targetHints":{"allow":["GET"]}}],"collection":[{"href":"https:\/\/webdealta.info\/index.php?rest_route=\/wp\/v2\/posts"}],"about":[{"href":"https:\/\/webdealta.info\/index.php?rest_route=\/wp\/v2\/types\/post"}],"author":[{"embeddable":true,"href":"https:\/\/webdealta.info\/index.php?rest_route=\/wp\/v2\/users\/2"}],"replies":[{"embeddable":true,"href":"https:\/\/webdealta.info\/index.php?rest_route=%2Fwp%2Fv2%2Fcomments&post=6716"}],"version-history":[{"count":1,"href":"https:\/\/webdealta.info\/index.php?rest_route=\/wp\/v2\/posts\/6716\/revisions"}],"predecessor-version":[{"id":6719,"href":"https:\/\/webdealta.info\/index.php?rest_route=\/wp\/v2\/posts\/6716\/revisions\/6719"}],"wp:featuredmedia":[{"embeddable":true,"href":"https:\/\/webdealta.info\/index.php?rest_route=\/wp\/v2\/media\/6717"}],"wp:attachment":[{"href":"https:\/\/webdealta.info\/index.php?rest_route=%2Fwp%2Fv2%2Fmedia&parent=6716"}],"wp:term":[{"taxonomy":"category","embeddable":true,"href":"https:\/\/webdealta.info\/index.php?rest_route=%2Fwp%2Fv2%2Fcategories&post=6716"},{"taxonomy":"post_tag","embeddable":true,"href":"https:\/\/webdealta.info\/index.php?rest_route=%2Fwp%2Fv2%2Ftags&post=6716"}],"curies":[{"name":"wp","href":"https:\/\/api.w.org\/{rel}","templated":true}]}}