{"id":6703,"date":"2023-04-02T18:35:47","date_gmt":"2023-04-02T22:35:47","guid":{"rendered":"https:\/\/webdealta.info\/?p=6703"},"modified":"2023-04-02T18:35:48","modified_gmt":"2023-04-02T22:35:48","slug":"domingo-de-ramos-con-masiva-asistencia-inicio-la-semana-santa","status":"publish","type":"post","link":"https:\/\/webdealta.info\/?p=6703","title":{"rendered":"Domingo de Ramos: con masiva asistencia inici\u00f3 la Semana Santa"},"content":{"rendered":"\n<p>Amanda Saldivia.-<\/p>\n\n\n\n<p>M\u00e1s viva que nunca est\u00e1 la devoci\u00f3n cristiana en Altagracia de Orituco y para muestra la asistencia masiva de feligreses a la tradicional Bendici\u00f3n de la Palma que simboliza la entrada triunfal de Jes\u00fas a Jerusal\u00e9n, el Domingo de Ramos, celebraci\u00f3n que marca el inicio de la Semana Santa.<\/p>\n\n\n\n<p>Cada una de las parroquias eclesi\u00e1sticas que comprenden el arciprestazgo, organizaron la Bendici\u00f3n de los Ramos en distintos lugares. En el caso de la parroquia Nuestra Se\u00f1ora de Altagracia, cuyo gu\u00eda espiritual es el padre Cruz Mujica, lo realiz\u00f3 a las afueras de la Capilla del Carmen, donde la asistencia fue significativa este Domingo de Ramos, para posteriormente celebrar la eucarist\u00eda a las 9:00 am. \u00a0<\/p>\n\n\n\n<p>Por su parte, en la parroquia San Jos\u00e9 Obrero, los feligreses se congregaron en la plaza Chapaiguana, ubicada en la calle Vuelvan Caras de Altagracia, para la bendici\u00f3n de Ramos y a las 10:00 am se dirigieron en procesi\u00f3n hasta el templo para la celebraci\u00f3n de la eucarist\u00eda presidida por el padre Luis M\u00e1rquez.<\/p>\n\n\n\n<p>@amandasaldivia  <\/p>\n\n\n\n<p><\/p>\n","protected":false},"excerpt":{"rendered":"<p>Amanda Saldivia.- M\u00e1s viva que nunca est\u00e1 la devoci\u00f3n cristiana en Altagracia de Orituco y para muestra la asistencia masiva de feligreses a la tradicional Bendici\u00f3n de la Palma que simboliza la entrada triunfal de Jes\u00fas a Jerusal\u00e9n, el Domingo de Ramos, celebraci\u00f3n que marca el inicio de la Semana<\/p>\n","protected":false},"author":2,"featured_media":6704,"comment_status":"open","ping_status":"open","sticky":false,"template":"","format":"standard","meta":{"advanced_seo_description":"","jetpack_seo_html_title":"","jetpack_seo_noindex":false,"_jetpack_memberships_contains_paid_content":false,"footnotes":"","jetpack_publicize_message":"","jetpack_publicize_feature_enabled":true,"jetpack_social_post_already_shared":true,"jetpack_social_options":{"image_generator_settings":{"template":"highway","enabled":false},"version":2}},"categories":[202,251],"tags":[8,7,32],"class_list":["post-6703","post","type-post","status-publish","format-standard","has-post-thumbnail","hentry","category-semana-santa","category-webdealta","tag-altagraciadeorituco","tag-guarico","tag-webdealta",""],"jetpack_publicize_connections":[],"jetpack_featured_media_url":"https:\/\/webdealta.info\/wp-content\/uploads\/2023\/04\/altagracia-semana-santa-2023-webdealta.png","jetpack_sharing_enabled":true,"jetpack_likes_enabled":true,"jetpack-related-posts":[],"jetpack_shortlink":"https:\/\/wp.me\/pcseDn-1K7","_links":{"self":[{"href":"https:\/\/webdealta.info\/index.php?rest_route=\/wp\/v2\/posts\/6703","targetHints":{"allow":["GET"]}}],"collection":[{"href":"https:\/\/webdealta.info\/index.php?rest_route=\/wp\/v2\/posts"}],"about":[{"href":"https:\/\/webdealta.info\/index.php?rest_route=\/wp\/v2\/types\/post"}],"author":[{"embeddable":true,"href":"https:\/\/webdealta.info\/index.php?rest_route=\/wp\/v2\/users\/2"}],"replies":[{"embeddable":true,"href":"https:\/\/webdealta.info\/index.php?rest_route=%2Fwp%2Fv2%2Fcomments&post=6703"}],"version-history":[{"count":1,"href":"https:\/\/webdealta.info\/index.php?rest_route=\/wp\/v2\/posts\/6703\/revisions"}],"predecessor-version":[{"id":6705,"href":"https:\/\/webdealta.info\/index.php?rest_route=\/wp\/v2\/posts\/6703\/revisions\/6705"}],"wp:featuredmedia":[{"embeddable":true,"href":"https:\/\/webdealta.info\/index.php?rest_route=\/wp\/v2\/media\/6704"}],"wp:attachment":[{"href":"https:\/\/webdealta.info\/index.php?rest_route=%2Fwp%2Fv2%2Fmedia&parent=6703"}],"wp:term":[{"taxonomy":"category","embeddable":true,"href":"https:\/\/webdealta.info\/index.php?rest_route=%2Fwp%2Fv2%2Fcategories&post=6703"},{"taxonomy":"post_tag","embeddable":true,"href":"https:\/\/webdealta.info\/index.php?rest_route=%2Fwp%2Fv2%2Ftags&post=6703"}],"curies":[{"name":"wp","href":"https:\/\/api.w.org\/{rel}","templated":true}]}}