{"id":6699,"date":"2023-04-02T17:20:05","date_gmt":"2023-04-02T21:20:05","guid":{"rendered":"https:\/\/webdealta.info\/?p=6699"},"modified":"2023-04-02T17:20:06","modified_gmt":"2023-04-02T21:20:06","slug":"concejo-municipal-cerro-marzo-con-sesion-dedicada-a-la-mujer","status":"publish","type":"post","link":"https:\/\/webdealta.info\/?p=6699","title":{"rendered":"Concejo Municipal cerr\u00f3 marzo con sesi\u00f3n dedicada a la Mujer"},"content":{"rendered":"\n<p>Amanda Saldivia.-<\/p>\n\n\n\n<p>Con una sesi\u00f3n especial cerr\u00f3 el Mes de la Mujer en Altagracia de Orituco, la cual estuvo presidida por el concejal Julio Silvera, acompa\u00f1ado por el resto de los ediles, entre ellos la representaci\u00f3n femenina en el Concejo Municipal en las voces de las concejalas Mayerlin Quevedo, Marlenis Figueroa, Liz Bol\u00edvar y Andreina Zerpa.<\/p>\n\n\n\n<p>La sesi\u00f3n especial fue solicitada por el Instituto Municipal de la Mujer, que dirige Norelis Benavente con el fin de resaltar el rol de la mujer y los distintos programas que llevan adelante para brindarles atenci\u00f3n en el marco de la Ley Org\u00e1nica sobre el derecho de las Mujeres a una vida libre de Violencia.<\/p>\n\n\n\n<p>Para integrar el presidio de la sesi\u00f3n especial fue llamada la Dra. Elsy Rodr\u00edguez, quien dirige la Fundaci\u00f3n Ni\u00f1o Sim\u00f3n en el municipio Monagas y se mantiene activa con programa de \u00edndole social, algunas de ellos dirigidos directamente a la salud de la mujer y la planificaci\u00f3n familiar.<\/p>\n\n\n\n<p>Como oradora de orden fue designada la Dra. Mayela Ramos Graterol, autoridad \u00fanica de Asuntos para las Mujeres en el estado Gu\u00e1rico, funcionaria que en su discurso mencion\u00f3 de manera particular al presidente Hugo Ch\u00e1vez como clave para lo que ha sido el proceso de empoderamiento de la mujer en todos los \u00e1mbitos, entre ellos el pol\u00edtico.<\/p>\n\n\n\n<p>Por su parte, el concejal Julio Silvera, presidente del Concejo Municipal, resalt\u00f3 la lucha de la mujer que vio origen a la celebraci\u00f3n del D\u00eda Internacional y aprovecho la presencia de los medios de comunicaci\u00f3n social para hacer un exhorto al presidente Nicol\u00e1s Maduro y al resto del poder p\u00fablico para que brinden respaldo al alcalde Pedro Sol\u00f3rzano, en virtud de las amenazas a la integridad f\u00edsica que sufri\u00f3 recientemente.<\/p>\n\n\n\n<p>El desarrollo de la sesi\u00f3n sirvi\u00f3 para que se reunieran mujeres cuya labor resalta en las distintas instituciones, entre ellas la diputada Reina Sifontes, Susana Sayegh por educaci\u00f3n, la profesora Mar\u00eda Ortu\u00f1o por el Ipasme, las mujeres del Senifa, trabajadoras del Concejo Municipal, alcald\u00eda, ministerios, Registro Civil y Contralor\u00eda.<\/p>\n\n\n\n<p>Como es tradicional hubo una muestra cultural y estuvo a cargo de Esneylis Colmenares, talentosa ni\u00f1a gracitana, exponente de nuestra m\u00fasica venezolana.<\/p>\n\n\n\n<p>@amandasaldivia   <\/p>\n\n\n\n<p><\/p>\n","protected":false},"excerpt":{"rendered":"<p>Amanda Saldivia.- Con una sesi\u00f3n especial cerr\u00f3 el Mes de la Mujer en Altagracia de Orituco, la cual estuvo presidida por el concejal Julio Silvera, acompa\u00f1ado por el resto de los ediles, entre ellos la representaci\u00f3n femenina en el Concejo Municipal en las voces de las concejalas Mayerlin Quevedo, Marlenis<\/p>\n","protected":false},"author":2,"featured_media":6700,"comment_status":"open","ping_status":"open","sticky":false,"template":"","format":"standard","meta":{"advanced_seo_description":"","jetpack_seo_html_title":"","jetpack_seo_noindex":false,"_jetpack_memberships_contains_paid_content":false,"footnotes":"","jetpack_publicize_message":"","jetpack_publicize_feature_enabled":true,"jetpack_social_post_already_shared":true,"jetpack_social_options":{"image_generator_settings":{"template":"highway","enabled":false},"version":2}},"categories":[294,251],"tags":[8,7,32],"class_list":["post-6699","post","type-post","status-publish","format-standard","has-post-thumbnail","hentry","category-concejo-municipal","category-webdealta","tag-altagraciadeorituco","tag-guarico","tag-webdealta",""],"jetpack_publicize_connections":[],"jetpack_featured_media_url":"https:\/\/webdealta.info\/wp-content\/uploads\/2023\/04\/mes-rosa-webdealta.png","jetpack_sharing_enabled":true,"jetpack_likes_enabled":true,"jetpack-related-posts":[],"jetpack_shortlink":"https:\/\/wp.me\/pcseDn-1K3","_links":{"self":[{"href":"https:\/\/webdealta.info\/index.php?rest_route=\/wp\/v2\/posts\/6699","targetHints":{"allow":["GET"]}}],"collection":[{"href":"https:\/\/webdealta.info\/index.php?rest_route=\/wp\/v2\/posts"}],"about":[{"href":"https:\/\/webdealta.info\/index.php?rest_route=\/wp\/v2\/types\/post"}],"author":[{"embeddable":true,"href":"https:\/\/webdealta.info\/index.php?rest_route=\/wp\/v2\/users\/2"}],"replies":[{"embeddable":true,"href":"https:\/\/webdealta.info\/index.php?rest_route=%2Fwp%2Fv2%2Fcomments&post=6699"}],"version-history":[{"count":1,"href":"https:\/\/webdealta.info\/index.php?rest_route=\/wp\/v2\/posts\/6699\/revisions"}],"predecessor-version":[{"id":6701,"href":"https:\/\/webdealta.info\/index.php?rest_route=\/wp\/v2\/posts\/6699\/revisions\/6701"}],"wp:featuredmedia":[{"embeddable":true,"href":"https:\/\/webdealta.info\/index.php?rest_route=\/wp\/v2\/media\/6700"}],"wp:attachment":[{"href":"https:\/\/webdealta.info\/index.php?rest_route=%2Fwp%2Fv2%2Fmedia&parent=6699"}],"wp:term":[{"taxonomy":"category","embeddable":true,"href":"https:\/\/webdealta.info\/index.php?rest_route=%2Fwp%2Fv2%2Fcategories&post=6699"},{"taxonomy":"post_tag","embeddable":true,"href":"https:\/\/webdealta.info\/index.php?rest_route=%2Fwp%2Fv2%2Ftags&post=6699"}],"curies":[{"name":"wp","href":"https:\/\/api.w.org\/{rel}","templated":true}]}}