{"id":6695,"date":"2023-04-01T16:51:21","date_gmt":"2023-04-01T20:51:21","guid":{"rendered":"https:\/\/webdealta.info\/?p=6695"},"modified":"2023-04-02T18:39:35","modified_gmt":"2023-04-02T22:39:35","slug":"llego-a-altagracia-avion-que-adornara-el-distribuidor-cap-manuel-rios","status":"publish","type":"post","link":"https:\/\/webdealta.info\/?p=6695","title":{"rendered":"Lleg\u00f3 a Altagracia avi\u00f3n que adornar\u00e1 el distribuidor Cap. Manuel R\u00edos"},"content":{"rendered":"\n<p>Prensa alcald\u00eda.-<\/p>\n\n\n\n<p>Este s\u00e1bado 01 de abril el Alcalde Pedro Sol\u00f3rzano, junto a su equipo de trabajo, recibi\u00f3 el Avi\u00f3n T27 Tucano, el cual ser\u00e1 colocado como monumento al capit\u00e1n Manuel R\u00edos en el distribuidor que lleva su mismo nombre y que pr\u00f3ximamente ser\u00e1 culminado gracias al trabajo articulado entre el presidente Nicol\u00e1s Maduro, el gobernador Jos\u00e9 V\u00e1squez, la Misi\u00f3n Venezuela Bella y el mandatario local.<\/p>\n\n\n\n<p>Para la movilizaci\u00f3n del imponente avi\u00f3n procedente de la ciudad de Maracay estado Aragua, se cont\u00f3 con el acompa\u00f1amiento de la Fuerza Armada Nacional, cumpliendo lineamientos del comandante General de la Aviaci\u00f3n, Mayor General Santiago Infante.<\/p>\n\n\n\n<p>En este sentido, el acalde Pedro Sol\u00f3rzano expres\u00f3: \u00abHoy es un d\u00eda hist\u00f3rico para Altagracia de Orituco, estamos recibiendo de manos de nuestra Aviaci\u00f3n este monumento que embellecer\u00e1 la ciudad y que simboliza el legado de nuestro capit\u00e1n Manuel R\u00edos, estamos cristalizando el sue\u00f1o de los gracitanos de tener una entrada digna a la ciudad, en nombre del pueblo del Orituco agradecemos profundamente a nuestra Fuerza Armada Nacional y a nuestro Mayor General Santiago Infante por el apoyo para la movilizaci\u00f3n del monumento\u00bb.<\/p>\n\n\n\n<p>Tambi\u00e9n indic\u00f3 que \u00abeste distribuidor facilitar\u00e1 la movilidad hacia el oriente del pa\u00eds y tambi\u00e9n a las diversas parroquias de nuestro municipio\u00bb.<\/p>\n\n\n\n<p>Por su parte, el general de Brigada Jes\u00fas Joel S\u00e1nchez, comandante de la Base Aeroespacial Manuel R\u00edos, expres\u00f3: La Fuerza Armada Nacional se une a esta gran iniciativa para embellecer este municipio y para resaltar la historia del pionero de la aviaci\u00f3n militar venezolana Manuel R\u00edos\u00bb.   <\/p>\n\n\n\n<p><\/p>\n","protected":false},"excerpt":{"rendered":"<p>Prensa alcald\u00eda.- Este s\u00e1bado 01 de abril el Alcalde Pedro Sol\u00f3rzano, junto a su equipo de trabajo, recibi\u00f3 el Avi\u00f3n T27 Tucano, el cual ser\u00e1 colocado como monumento al capit\u00e1n Manuel R\u00edos en el distribuidor que lleva su mismo nombre y que pr\u00f3ximamente ser\u00e1 culminado gracias al trabajo articulado entre<\/p>\n","protected":false},"author":2,"featured_media":6696,"comment_status":"open","ping_status":"open","sticky":false,"template":"","format":"standard","meta":{"advanced_seo_description":"","jetpack_seo_html_title":"","jetpack_seo_noindex":false,"_jetpack_memberships_contains_paid_content":false,"footnotes":"","jetpack_publicize_message":"","jetpack_publicize_feature_enabled":true,"jetpack_social_post_already_shared":true,"jetpack_social_options":{"image_generator_settings":{"template":"highway","enabled":false},"version":2}},"categories":[335,251],"tags":[8,7,32],"class_list":["post-6695","post","type-post","status-publish","format-standard","has-post-thumbnail","hentry","category-locales","category-webdealta","tag-altagraciadeorituco","tag-guarico","tag-webdealta",""],"jetpack_publicize_connections":[],"jetpack_featured_media_url":"https:\/\/webdealta.info\/wp-content\/uploads\/2023\/04\/manuel-rios-altagracia-webdealta.png","jetpack_sharing_enabled":true,"jetpack_likes_enabled":true,"jetpack-related-posts":[],"jetpack_shortlink":"https:\/\/wp.me\/pcseDn-1JZ","_links":{"self":[{"href":"https:\/\/webdealta.info\/index.php?rest_route=\/wp\/v2\/posts\/6695","targetHints":{"allow":["GET"]}}],"collection":[{"href":"https:\/\/webdealta.info\/index.php?rest_route=\/wp\/v2\/posts"}],"about":[{"href":"https:\/\/webdealta.info\/index.php?rest_route=\/wp\/v2\/types\/post"}],"author":[{"embeddable":true,"href":"https:\/\/webdealta.info\/index.php?rest_route=\/wp\/v2\/users\/2"}],"replies":[{"embeddable":true,"href":"https:\/\/webdealta.info\/index.php?rest_route=%2Fwp%2Fv2%2Fcomments&post=6695"}],"version-history":[{"count":2,"href":"https:\/\/webdealta.info\/index.php?rest_route=\/wp\/v2\/posts\/6695\/revisions"}],"predecessor-version":[{"id":6706,"href":"https:\/\/webdealta.info\/index.php?rest_route=\/wp\/v2\/posts\/6695\/revisions\/6706"}],"wp:featuredmedia":[{"embeddable":true,"href":"https:\/\/webdealta.info\/index.php?rest_route=\/wp\/v2\/media\/6696"}],"wp:attachment":[{"href":"https:\/\/webdealta.info\/index.php?rest_route=%2Fwp%2Fv2%2Fmedia&parent=6695"}],"wp:term":[{"taxonomy":"category","embeddable":true,"href":"https:\/\/webdealta.info\/index.php?rest_route=%2Fwp%2Fv2%2Fcategories&post=6695"},{"taxonomy":"post_tag","embeddable":true,"href":"https:\/\/webdealta.info\/index.php?rest_route=%2Fwp%2Fv2%2Ftags&post=6695"}],"curies":[{"name":"wp","href":"https:\/\/api.w.org\/{rel}","templated":true}]}}