{"id":6691,"date":"2023-03-30T21:33:35","date_gmt":"2023-03-31T01:33:35","guid":{"rendered":"https:\/\/webdealta.info\/?p=6691"},"modified":"2023-03-30T21:33:36","modified_gmt":"2023-03-31T01:33:36","slug":"parroquia-san-jose-obrero-presento-programa-de-semana-santa","status":"publish","type":"post","link":"https:\/\/webdealta.info\/?p=6691","title":{"rendered":"Parroquia San Jos\u00e9 Obrero present\u00f3 programa de Semana Santa"},"content":{"rendered":"\n<p>Amanda Saldivia.-<\/p>\n\n\n\n<p>En el programa Tiempo de Cambios que se transmite por la emisora Activa 104.9 FM de Altagracia de Orituco, el padre Luis M\u00e1rquez gu\u00eda espiritual de la parroquia San Jos\u00e9 Obrero, dio a conocer las actividades que tendr\u00e1n en el marco de la Semana Santa, desde este viernes 31 de marzo hasta el domingo nueve de abril.<\/p>\n\n\n\n<p>A continuaci\u00f3n, el resumen de las actividades desglosadas por d\u00eda:<\/p>\n\n\n\n<p><strong>31\/03\/23: Viernes de Concilio<\/strong><\/p>\n\n\n\n<p>9:00 am &#8211; Misa Ntra. Sra. de los Dolores<\/p>\n\n\n\n<p>10:00 am &#8211; Procesi\u00f3n con la Imagen de la Dolorosa<\/p>\n\n\n\n<p>12:30 pm &#8211; Olla Solidaria.<\/p>\n\n\n\n<p>Lugar: Casa Flia Zamora<\/p>\n\n\n\n<p>4:30 pm &#8211; Viacrucis Parroquial<\/p>\n\n\n\n<p><strong>01\/04\/23: S\u00e1bado de Concilio<\/strong><\/p>\n\n\n\n<p>2:30 pm &#8211; Bautizos. Informaci\u00f3n Despacho Parroquial<\/p>\n\n\n\n<p><strong>02\/04\/23: Domingo de Ramos<\/strong><\/p>\n\n\n\n<p>7:00 am &#8211; Bendici\u00f3n de Ramos<\/p>\n\n\n\n<p>Lugar: Cancha Deportiva de Banco Obrero<\/p>\n\n\n\n<p>7:15 am Misa<\/p>\n\n\n\n<p>9:30 am &#8211; Bendici\u00f3n de Ramos.<\/p>\n\n\n\n<p>Lugar: Plaza Chapaiguana.<\/p>\n\n\n\n<p>10:00 am &#8211; Misa<\/p>\n\n\n\n<p>5:00 pm &#8211; Cine Foro \u00abLa Pasi\u00f3n de Cristo\u00bb de Mel Gibson<\/p>\n\n\n\n<p><strong>03\/04\/23: Lunes Santo<\/strong><\/p>\n\n\n\n<p>7:00 AM &#8211; Oraci\u00f3n Matutina<\/p>\n\n\n\n<p>9:00 AM &#8211; Visita a Hogares<\/p>\n\n\n\n<p>4:00 pm &#8211; Encuentro de Oraci\u00f3n por los Privados de Libertad.<\/p>\n\n\n\n<p>Lugar: Estacionamiento de Poligu\u00e1rico<\/p>\n\n\n\n<p>5:00 pm &#8211; Procesi\u00f3n Jes\u00fas atado en la Columna.<\/p>\n\n\n\n<p>6:00 pm &#8211; Santa Misa<\/p>\n\n\n\n<p>7:15 pm &#8211; Rosario Luminoso. Lugar: Estacionamiento Laya (Tricentenario II)<\/p>\n\n\n\n<p><strong>&nbsp;04\/04\/23: Martes Santo<\/strong><\/p>\n\n\n\n<p>7:00 AM &#8211; Oraci\u00f3n Matutina<\/p>\n\n\n\n<p>&nbsp;9:00 AM &#8211; Visita a Hogares<\/p>\n\n\n\n<p>5:00 pm &#8211; Misa<\/p>\n\n\n\n<p>6:00 pm &#8211; Procesi\u00f3n Jes\u00fas Humilde y Paciente<\/p>\n\n\n\n<p><strong>&nbsp;05\/04\/23: Mi\u00e9rcoles Santo<\/strong><\/p>\n\n\n\n<p>7:00 AM &#8211; Misa.<\/p>\n\n\n\n<p>9:00 AM &#8211; Misa.<\/p>\n\n\n\n<p>9:00 AM &#8211; Visita a los Hogares.<\/p>\n\n\n\n<p>11:00 AM &#8211; Eucarist\u00eda con los Enfermos.<\/p>\n\n\n\n<p>5:00 PM &#8211; Misa.<\/p>\n\n\n\n<p>6:00 pm &#8211; Procesi\u00f3n con la imagen de Jes\u00fas Nazareno<\/p>\n\n\n\n<p><strong>06\/04\/23: Jueves Santo<\/strong><\/p>\n\n\n\n<p>7:00 AM &#8211; Oraci\u00f3n Matutina.<\/p>\n\n\n\n<p>9:00 am &#8211; Santa Misa. Lugar: Hospital JFT<\/p>\n\n\n\n<p>9:30 AM &#8211; Encuentro de los Agentes de Pastoral.<\/p>\n\n\n\n<p>5:00 pm &#8211; Misa de la Cena de Se\u00f1or.<\/p>\n\n\n\n<p>6:30 pm a 9:30 pm &#8211; Adoraci\u00f3n al Sant\u00edsimo Sacramento<\/p>\n\n\n\n<p><strong>&nbsp;07\/04\/23: Viernes Santo<\/strong><\/p>\n\n\n\n<p>7:00 AM a 12:00 pm &#8211; Adoraci\u00f3n al Sant\u00edsimo Sacramento<\/p>\n\n\n\n<p>4:00 pm &#8211; Procesi\u00f3n del Santo Cristo.<\/p>\n\n\n\n<p>5:00 pm &#8211; Celebraci\u00f3n de la Pasi\u00f3n del Se\u00f1or.<\/p>\n\n\n\n<p>6:00 pm &#8211; Procesi\u00f3n del Silencio hasta la Calle Libertad (Casa Flia Medina)<\/p>\n\n\n\n<p>7:00 pm &#8211; Rezo de los 33 Credos Toda la Noche &#8211; Velaci\u00f3n del Santo Sepulcro<\/p>\n\n\n\n<p><strong>&nbsp;08\/04\/23: S\u00e1bado Santo<\/strong><\/p>\n\n\n\n<p>8:30 AM &#8211; Oraci\u00f3n Matutina. Lugar: Casa Flia Medina.<\/p>\n\n\n\n<p>9:00 am &#8211; Traslado del Sepulcro al Templo<\/p>\n\n\n\n<p>7:00 pm &#8211; Inicio de la Vigilia Pascual. Lugar: Estacionamiento Hern\u00e1ndez. Resp.<\/p>\n\n\n\n<p><strong>09\/04\/23 Domingo de Resurrecci\u00f3n<\/strong><\/p>\n\n\n\n<p>9:00 AM &#8211; Misa Solemne<\/p>\n","protected":false},"excerpt":{"rendered":"<p>Amanda Saldivia.- En el programa Tiempo de Cambios que se transmite por la emisora Activa 104.9 FM de Altagracia de Orituco, el padre Luis M\u00e1rquez gu\u00eda espiritual de la parroquia San Jos\u00e9 Obrero, dio a conocer las actividades que tendr\u00e1n en el marco de la Semana Santa, desde este viernes<\/p>\n","protected":false},"author":2,"featured_media":6692,"comment_status":"open","ping_status":"open","sticky":false,"template":"","format":"standard","meta":{"advanced_seo_description":"","jetpack_seo_html_title":"","jetpack_seo_noindex":false,"_jetpack_memberships_contains_paid_content":false,"footnotes":"","jetpack_publicize_message":"","jetpack_publicize_feature_enabled":true,"jetpack_social_post_already_shared":true,"jetpack_social_options":{"image_generator_settings":{"template":"highway","enabled":false},"version":2}},"categories":[202,251],"tags":[8,7,32],"class_list":["post-6691","post","type-post","status-publish","format-standard","has-post-thumbnail","hentry","category-semana-santa","category-webdealta","tag-altagraciadeorituco","tag-guarico","tag-webdealta",""],"jetpack_publicize_connections":[],"jetpack_featured_media_url":"https:\/\/webdealta.info\/wp-content\/uploads\/2023\/03\/padre-luis-marquez-semana-santa-2023-webdealta.png","jetpack_sharing_enabled":true,"jetpack_likes_enabled":true,"jetpack-related-posts":[],"jetpack_shortlink":"https:\/\/wp.me\/pcseDn-1JV","_links":{"self":[{"href":"https:\/\/webdealta.info\/index.php?rest_route=\/wp\/v2\/posts\/6691","targetHints":{"allow":["GET"]}}],"collection":[{"href":"https:\/\/webdealta.info\/index.php?rest_route=\/wp\/v2\/posts"}],"about":[{"href":"https:\/\/webdealta.info\/index.php?rest_route=\/wp\/v2\/types\/post"}],"author":[{"embeddable":true,"href":"https:\/\/webdealta.info\/index.php?rest_route=\/wp\/v2\/users\/2"}],"replies":[{"embeddable":true,"href":"https:\/\/webdealta.info\/index.php?rest_route=%2Fwp%2Fv2%2Fcomments&post=6691"}],"version-history":[{"count":1,"href":"https:\/\/webdealta.info\/index.php?rest_route=\/wp\/v2\/posts\/6691\/revisions"}],"predecessor-version":[{"id":6693,"href":"https:\/\/webdealta.info\/index.php?rest_route=\/wp\/v2\/posts\/6691\/revisions\/6693"}],"wp:featuredmedia":[{"embeddable":true,"href":"https:\/\/webdealta.info\/index.php?rest_route=\/wp\/v2\/media\/6692"}],"wp:attachment":[{"href":"https:\/\/webdealta.info\/index.php?rest_route=%2Fwp%2Fv2%2Fmedia&parent=6691"}],"wp:term":[{"taxonomy":"category","embeddable":true,"href":"https:\/\/webdealta.info\/index.php?rest_route=%2Fwp%2Fv2%2Fcategories&post=6691"},{"taxonomy":"post_tag","embeddable":true,"href":"https:\/\/webdealta.info\/index.php?rest_route=%2Fwp%2Fv2%2Ftags&post=6691"}],"curies":[{"name":"wp","href":"https:\/\/api.w.org\/{rel}","templated":true}]}}