{"id":6679,"date":"2023-03-29T21:55:07","date_gmt":"2023-03-30T01:55:07","guid":{"rendered":"https:\/\/webdealta.info\/?p=6679"},"modified":"2023-03-29T21:55:09","modified_gmt":"2023-03-30T01:55:09","slug":"rehabilitado-liceo-bolivariano-german-fleitas-beroes-en-camaguan","status":"publish","type":"post","link":"https:\/\/webdealta.info\/?p=6679","title":{"rendered":"Rehabilitado liceo bolivariano Germ\u00e1n Fleitas Beroes en Camagu\u00e1n"},"content":{"rendered":"\n<p>En el municipio Esteros de Camagu\u00e1n, ubicado al sur del estado Gu\u00e1rico, el gobernador Jos\u00e9 V\u00e1squez, junto al alcalde Emilio \u00c1vila; la autoridad \u00fanica de educaci\u00f3n El\u00edas Zurita, as\u00ed como estudiantes de educaci\u00f3n media general, realiz\u00f3 la entrega formal del proyecto de rehabilitaci\u00f3n integral de los espacios del Liceo Bolivariano Germ\u00e1n Fleitas Beroes el cual ampliar\u00e1 la capacidad y calidad del sistema educativo en este eje de la entidad llanera.<\/p>\n\n\n\n<p>\u00abEste es un centro educativo que tiene m\u00e1s de 50 a\u00f1os de servicio a favor de la&nbsp; formaci\u00f3n de la juventud. Representa la historia educativa de nuestro municipio\u00bb, expres\u00f3 V\u00e1squez durante la entrega de la obra, destacando que est\u00e1 es la instituci\u00f3n n\u00famero 32 en ser rehabilitada de manera integral a trav\u00e9s de la Gobernaci\u00f3n, donde se contemplan trabajos de sustituci\u00f3n de techos, saneamiento de paredes, restauraci\u00f3n del sistema el\u00e9ctrico en aulas y pasillos, sistema de iluminaci\u00f3n general, impermeabilizaci\u00f3n, adecuaci\u00f3n de ba\u00f1os, as\u00ed como el embellecimiento de dos canchas de usos m\u00faltiples, complement\u00e1ndose con la activaci\u00f3n de un pozo profundo para garantizar el suministro de agua potable en la instituci\u00f3n.<\/p>\n\n\n\n<p>Asimismo, V\u00e1squez detall\u00f3 que a nivel general en el territorio guarique\u00f1o se han atendido 230 planteles, entre ellos 129 por medio del Plan \u00abUna Gota de Amor para Mi Escuela\u00bb; 69 mediante las Brigadas Comunitarias Militares (Bricomiles) y el resto de manera directa por la gobernaci\u00f3n, asegurando que estos trabajos se ampl\u00edan progresivamente en los diferentes municipios para abarcar a totalidad las escuelas y liceos del estado como parte de la visi\u00f3n de transformaci\u00f3n y fortalecimiento del sistema educativo en nombre del Gobierno Bolivariano, cumpliendo con las l\u00edneas del presidente de la Rep\u00fablica Nicol\u00e1s Maduro.<\/p>\n\n\n\n<p>Por su parte, la autoridad \u00fanica de educaci\u00f3n en Gu\u00e1rico, El\u00edas Zurita, destac\u00f3 que este plantel actualmente es ejemplo en relaci\u00f3n al compromiso profesional por parte del personal docente, el cual se ha mantenido constante con sus actividades acad\u00e9micas desde las aulas, atendiendo una matr\u00edcula de al menos 400 estudiantes, a\u00f1adiendo que en todo el territorio guarique\u00f1o se garantiza el cumplimiento de las pol\u00edticas de protecci\u00f3n educativa mediante la entrega de \u00fatiles, uniformes, equipos tecnol\u00f3gicos, dotaci\u00f3n de mesa sillas y otros elementos.<\/p>\n\n\n\n<p>Mientras tanto, el alcalde de dicha jurisdicci\u00f3n, Emilio \u00c1vila, acot\u00f3 que desde la localidad se asume el compromiso junto al gremio educativo de mantener el estatus \u00f3ptimo de las instalaciones que fueron rehabilitadas y equipadas, agradeciendo la gesti\u00f3n eficiente que ha mantenido el Gobierno Bolivariano en este rinc\u00f3n del llano venezolano.<\/p>\n\n\n\n<p>Sibci Gu\u00e1rico <\/p>\n\n\n\n<p><\/p>\n","protected":false},"excerpt":{"rendered":"<p>En el municipio Esteros de Camagu\u00e1n, ubicado al sur del estado Gu\u00e1rico, el gobernador Jos\u00e9 V\u00e1squez, junto al alcalde Emilio \u00c1vila; la autoridad \u00fanica de educaci\u00f3n El\u00edas Zurita, as\u00ed como estudiantes de educaci\u00f3n media general, realiz\u00f3 la entrega formal del proyecto de rehabilitaci\u00f3n integral de los espacios del Liceo Bolivariano<\/p>\n","protected":false},"author":2,"featured_media":6680,"comment_status":"open","ping_status":"open","sticky":false,"template":"","format":"standard","meta":{"advanced_seo_description":"","jetpack_seo_html_title":"","jetpack_seo_noindex":false,"_jetpack_memberships_contains_paid_content":false,"footnotes":"","jetpack_publicize_message":"","jetpack_publicize_feature_enabled":true,"jetpack_social_post_already_shared":true,"jetpack_social_options":{"image_generator_settings":{"template":"highway","enabled":false},"version":2}},"categories":[284],"tags":[8,7,32],"class_list":["post-6679","post","type-post","status-publish","format-standard","has-post-thumbnail","hentry","category-gobierno-de-guarico","tag-altagraciadeorituco","tag-guarico","tag-webdealta",""],"jetpack_publicize_connections":[],"jetpack_featured_media_url":"https:\/\/webdealta.info\/wp-content\/uploads\/2023\/03\/gobienro-de-guarico-webdealta-camaguan.png","jetpack_sharing_enabled":true,"jetpack_likes_enabled":true,"jetpack-related-posts":[],"jetpack_shortlink":"https:\/\/wp.me\/pcseDn-1JJ","_links":{"self":[{"href":"https:\/\/webdealta.info\/index.php?rest_route=\/wp\/v2\/posts\/6679","targetHints":{"allow":["GET"]}}],"collection":[{"href":"https:\/\/webdealta.info\/index.php?rest_route=\/wp\/v2\/posts"}],"about":[{"href":"https:\/\/webdealta.info\/index.php?rest_route=\/wp\/v2\/types\/post"}],"author":[{"embeddable":true,"href":"https:\/\/webdealta.info\/index.php?rest_route=\/wp\/v2\/users\/2"}],"replies":[{"embeddable":true,"href":"https:\/\/webdealta.info\/index.php?rest_route=%2Fwp%2Fv2%2Fcomments&post=6679"}],"version-history":[{"count":1,"href":"https:\/\/webdealta.info\/index.php?rest_route=\/wp\/v2\/posts\/6679\/revisions"}],"predecessor-version":[{"id":6681,"href":"https:\/\/webdealta.info\/index.php?rest_route=\/wp\/v2\/posts\/6679\/revisions\/6681"}],"wp:featuredmedia":[{"embeddable":true,"href":"https:\/\/webdealta.info\/index.php?rest_route=\/wp\/v2\/media\/6680"}],"wp:attachment":[{"href":"https:\/\/webdealta.info\/index.php?rest_route=%2Fwp%2Fv2%2Fmedia&parent=6679"}],"wp:term":[{"taxonomy":"category","embeddable":true,"href":"https:\/\/webdealta.info\/index.php?rest_route=%2Fwp%2Fv2%2Fcategories&post=6679"},{"taxonomy":"post_tag","embeddable":true,"href":"https:\/\/webdealta.info\/index.php?rest_route=%2Fwp%2Fv2%2Ftags&post=6679"}],"curies":[{"name":"wp","href":"https:\/\/api.w.org\/{rel}","templated":true}]}}