{"id":6675,"date":"2023-03-29T21:45:07","date_gmt":"2023-03-30T01:45:07","guid":{"rendered":"https:\/\/webdealta.info\/?p=6675"},"modified":"2023-03-29T21:45:08","modified_gmt":"2023-03-30T01:45:08","slug":"altagracia-sede-del-campeonato-nacional-de-boxeo","status":"publish","type":"post","link":"https:\/\/webdealta.info\/?p=6675","title":{"rendered":"Altagracia sede del Campeonato Nacional de Boxeo"},"content":{"rendered":"\n<p>Amanda Saldivia.-<\/p>\n\n\n\n<p>Comenzaron a llegar las delegaciones de los 21 estados que participar\u00e1n en el Campeonato Nacional de Boxeo, categor\u00eda Cadete femenino y masculino, que ser\u00e1 inaugurado el pr\u00f3ximo s\u00e1bado primero de abril y que se extender\u00e1 hasta el mi\u00e9rcoles cinco de este mismo mes.<\/p>\n\n\n\n<p>Jonathan G\u00f3mez, ex boxeador y uno de los organizadores del evento, dijo que habr\u00e1 un promedio de 40 peleadas diarias como parte de las eliminatorias iniciales, en las cuales se medir\u00e1n 280 boxeadores, cuyas edades oscilan entre los 15 y 16 a\u00f1os de edad.<\/p>\n\n\n\n<p>En cuanto a la participaci\u00f3n de Gu\u00e1rico, precis\u00f3 que la delegaci\u00f3n est\u00e1 integrada por cinco atletas que seguramente destacar\u00e1n en el campeonato que se inaugurar\u00e1 el s\u00e1bado primero de abril, a las 5:00 pm, en el estadio \u00c1ngel Santiago Gonz\u00e1lez de Altagracia de Orituco Gu\u00e1rico.<\/p>\n\n\n\n<p>Respecto a la llegada de las delegaciones, se\u00f1al\u00f3 que este mi\u00e9rcoles recibieron al equipo del estado Sucre, integrado por 13 atletas femeninas y 12 masculinos, adem\u00e1s de los entrenadores, equipo t\u00e9cnico y acompa\u00f1antes.<\/p>\n\n\n\n<p>\u00a0@amandasaldivia  <\/p>\n\n\n\n<p><\/p>\n","protected":false},"excerpt":{"rendered":"<p>Amanda Saldivia.- Comenzaron a llegar las delegaciones de los 21 estados que participar\u00e1n en el Campeonato Nacional de Boxeo, categor\u00eda Cadete femenino y masculino, que ser\u00e1 inaugurado el pr\u00f3ximo s\u00e1bado primero de abril y que se extender\u00e1 hasta el mi\u00e9rcoles cinco de este mismo mes. Jonathan G\u00f3mez, ex boxeador y<\/p>\n","protected":false},"author":2,"featured_media":6676,"comment_status":"open","ping_status":"open","sticky":false,"template":"","format":"standard","meta":{"advanced_seo_description":"","jetpack_seo_html_title":"","jetpack_seo_noindex":false,"_jetpack_memberships_contains_paid_content":false,"footnotes":"","jetpack_publicize_message":"","jetpack_publicize_feature_enabled":true,"jetpack_social_post_already_shared":true,"jetpack_social_options":{"image_generator_settings":{"template":"highway","enabled":false},"version":2}},"categories":[111,251],"tags":[8,7,32],"class_list":["post-6675","post","type-post","status-publish","format-standard","has-post-thumbnail","hentry","category-deporte","category-webdealta","tag-altagraciadeorituco","tag-guarico","tag-webdealta",""],"jetpack_publicize_connections":[],"jetpack_featured_media_url":"https:\/\/webdealta.info\/wp-content\/uploads\/2023\/03\/boxeo-nacional-webdealta.png","jetpack_sharing_enabled":true,"jetpack_likes_enabled":true,"jetpack-related-posts":[],"jetpack_shortlink":"https:\/\/wp.me\/pcseDn-1JF","_links":{"self":[{"href":"https:\/\/webdealta.info\/index.php?rest_route=\/wp\/v2\/posts\/6675","targetHints":{"allow":["GET"]}}],"collection":[{"href":"https:\/\/webdealta.info\/index.php?rest_route=\/wp\/v2\/posts"}],"about":[{"href":"https:\/\/webdealta.info\/index.php?rest_route=\/wp\/v2\/types\/post"}],"author":[{"embeddable":true,"href":"https:\/\/webdealta.info\/index.php?rest_route=\/wp\/v2\/users\/2"}],"replies":[{"embeddable":true,"href":"https:\/\/webdealta.info\/index.php?rest_route=%2Fwp%2Fv2%2Fcomments&post=6675"}],"version-history":[{"count":1,"href":"https:\/\/webdealta.info\/index.php?rest_route=\/wp\/v2\/posts\/6675\/revisions"}],"predecessor-version":[{"id":6677,"href":"https:\/\/webdealta.info\/index.php?rest_route=\/wp\/v2\/posts\/6675\/revisions\/6677"}],"wp:featuredmedia":[{"embeddable":true,"href":"https:\/\/webdealta.info\/index.php?rest_route=\/wp\/v2\/media\/6676"}],"wp:attachment":[{"href":"https:\/\/webdealta.info\/index.php?rest_route=%2Fwp%2Fv2%2Fmedia&parent=6675"}],"wp:term":[{"taxonomy":"category","embeddable":true,"href":"https:\/\/webdealta.info\/index.php?rest_route=%2Fwp%2Fv2%2Fcategories&post=6675"},{"taxonomy":"post_tag","embeddable":true,"href":"https:\/\/webdealta.info\/index.php?rest_route=%2Fwp%2Fv2%2Ftags&post=6675"}],"curies":[{"name":"wp","href":"https:\/\/api.w.org\/{rel}","templated":true}]}}