{"id":6671,"date":"2023-03-28T21:55:58","date_gmt":"2023-03-29T01:55:58","guid":{"rendered":"https:\/\/webdealta.info\/?p=6671"},"modified":"2023-03-28T21:55:59","modified_gmt":"2023-03-29T01:55:59","slug":"en-altagracia-celebraron-los-43-anos-de-formacion-en-ipm","status":"publish","type":"post","link":"https:\/\/webdealta.info\/?p=6671","title":{"rendered":"En Altagracia celebraron los 43 a\u00f1os de formaci\u00f3n en IPM"},"content":{"rendered":"\n<p>Amanda Saldivia.-<\/p>\n\n\n\n<p>Un total de 450 estudiantes de media general de 12 liceos del municipio Monagas, desfilaron este martes 28 de marzo para celebrar el aniversario n\u00famero 43 de la inclusi\u00f3n de Instrucci\u00f3n Premilitar en la formaci\u00f3n de los futuros bachilleres.<\/p>\n\n\n\n<p>El acto estuvo presidido por el coronel Omar Mota, coordinador del Comit\u00e9 Permanente de Instrucci\u00f3n Premilitar para los municipios Monagas y San Jos\u00e9 de Guaribe, acompa\u00f1ado por la Dra. Susana Sayegh, coordinadora de la Red Educativa; la Dra. Diana Arocha, coordinadora docente de Instrucci\u00f3n Premilitar en esta regi\u00f3n del estado Gu\u00e1rico; adem\u00e1s de otras autoridades civiles, militares y policiales.<\/p>\n\n\n\n<p>Al ofrecer declaraciones para la Web de Altagracia, el coronel Omar Mota dijo que la fecha es de relevancia por el aniversario n\u00famero 43 de la formaci\u00f3n de IPM, as\u00ed como tambi\u00e9n por coincidir con el natalicio del General\u00edsimo Francisco de Miranda, precursor de la independencia y militar de renombre internacional.<\/p>\n\n\n\n<p>\u201cNosotros, desde el comit\u00e9 de Instrucci\u00f3n Premilitar del estado Gu\u00e1rico queremos enviarle un saludo fraterno, grande, a todo el pueblo de Monagas, porque ha sido un pueblo muy receptivo en esta \u00e1rea de formaci\u00f3n\u2026estamos desplegados en los 15 municipio\u201d, se\u00f1al\u00f3 el coronel Mota.<\/p>\n\n\n\n<p>Sobre la formaci\u00f3n en IPM en esta regi\u00f3n,  expres\u00f3 que resalta el amor que tienen los j\u00f3venes y profesores por la identidad de la naci\u00f3n, motivo por el cual se siente orgulloso de celebrar en Altagracia tan importante fecha aniversario, \u201cporque han demostrado ser capaces, entusiastas en los que hacen\u201d y los felicit\u00f3 en nombre de la Secretar\u00eda Ejecutiva de Formaci\u00f3n Permanente para la Soberan\u00eda Nacional.<\/p>\n\n\n\n<p>@amandasaldivia  <\/p>\n\n\n\n<p><\/p>\n","protected":false},"excerpt":{"rendered":"<p>Amanda Saldivia.- Un total de 450 estudiantes de media general de 12 liceos del municipio Monagas, desfilaron este martes 28 de marzo para celebrar el aniversario n\u00famero 43 de la inclusi\u00f3n de Instrucci\u00f3n Premilitar en la formaci\u00f3n de los futuros bachilleres. El acto estuvo presidido por el coronel Omar Mota,<\/p>\n","protected":false},"author":2,"featured_media":6672,"comment_status":"open","ping_status":"open","sticky":false,"template":"","format":"standard","meta":{"advanced_seo_description":"","jetpack_seo_html_title":"","jetpack_seo_noindex":false,"_jetpack_memberships_contains_paid_content":false,"footnotes":"","jetpack_publicize_message":"","jetpack_publicize_feature_enabled":true,"jetpack_social_post_already_shared":true,"jetpack_social_options":{"image_generator_settings":{"template":"highway","enabled":false},"version":2}},"categories":[117],"tags":[8,7,32],"class_list":["post-6671","post","type-post","status-publish","format-standard","has-post-thumbnail","hentry","category-celebracion","tag-altagraciadeorituco","tag-guarico","tag-webdealta",""],"jetpack_publicize_connections":[],"jetpack_featured_media_url":"https:\/\/webdealta.info\/wp-content\/uploads\/2023\/03\/ipm-webdealta.png","jetpack_sharing_enabled":true,"jetpack_likes_enabled":true,"jetpack-related-posts":[],"jetpack_shortlink":"https:\/\/wp.me\/pcseDn-1JB","_links":{"self":[{"href":"https:\/\/webdealta.info\/index.php?rest_route=\/wp\/v2\/posts\/6671","targetHints":{"allow":["GET"]}}],"collection":[{"href":"https:\/\/webdealta.info\/index.php?rest_route=\/wp\/v2\/posts"}],"about":[{"href":"https:\/\/webdealta.info\/index.php?rest_route=\/wp\/v2\/types\/post"}],"author":[{"embeddable":true,"href":"https:\/\/webdealta.info\/index.php?rest_route=\/wp\/v2\/users\/2"}],"replies":[{"embeddable":true,"href":"https:\/\/webdealta.info\/index.php?rest_route=%2Fwp%2Fv2%2Fcomments&post=6671"}],"version-history":[{"count":1,"href":"https:\/\/webdealta.info\/index.php?rest_route=\/wp\/v2\/posts\/6671\/revisions"}],"predecessor-version":[{"id":6673,"href":"https:\/\/webdealta.info\/index.php?rest_route=\/wp\/v2\/posts\/6671\/revisions\/6673"}],"wp:featuredmedia":[{"embeddable":true,"href":"https:\/\/webdealta.info\/index.php?rest_route=\/wp\/v2\/media\/6672"}],"wp:attachment":[{"href":"https:\/\/webdealta.info\/index.php?rest_route=%2Fwp%2Fv2%2Fmedia&parent=6671"}],"wp:term":[{"taxonomy":"category","embeddable":true,"href":"https:\/\/webdealta.info\/index.php?rest_route=%2Fwp%2Fv2%2Fcategories&post=6671"},{"taxonomy":"post_tag","embeddable":true,"href":"https:\/\/webdealta.info\/index.php?rest_route=%2Fwp%2Fv2%2Ftags&post=6671"}],"curies":[{"name":"wp","href":"https:\/\/api.w.org\/{rel}","templated":true}]}}