{"id":6667,"date":"2023-03-28T20:46:31","date_gmt":"2023-03-29T00:46:31","guid":{"rendered":"https:\/\/webdealta.info\/?p=6667"},"modified":"2023-03-28T20:46:31","modified_gmt":"2023-03-29T00:46:31","slug":"falta-de-politicas-publicas-exacerba-la-violencia-de-genero-e-infantil","status":"publish","type":"post","link":"https:\/\/webdealta.info\/?p=6667","title":{"rendered":"Falta de pol\u00edticas p\u00fablicas exacerba la violencia de g\u00e9nero e infantil"},"content":{"rendered":"\n<p>Durante un taller de formaci\u00f3n para periodistas auspiciado por la Voz de America (VOA) y la Agency for Global Media,&nbsp; tres importantes expertas llegaron a la conclusi\u00f3n de que la falta de pol\u00edticas p\u00fablicas en Venezuela exacerba los innumerables hechos de violencia en contra de mujeres, ni\u00f1os, ni\u00f1as y adolescentes.<\/p>\n\n\n\n<p>En la actividad, organizada por Carolina Isava, directora del portal de noticias <em>Qu\u00e9 pasa en Venezuela<\/em>, la antrop\u00f3loga Aim\u00e9e Zambrano, vocera de la plataforma UTOPIX, inform\u00f3 que durante los dos primeros meses del a\u00f1o 2023, se han cometido 30 femicidios a nivel nacional.<\/p>\n\n\n\n<p>\u201cLos medios de comunicaci\u00f3n juegan un papel importante en medio de la violencia de g\u00e9nero, todos deber\u00edan dedicar espacios especiales para visibilizar el tema, pero adem\u00e1s, deben existir, desde los organismos p\u00fablicos, campa\u00f1as para educar a la poblaci\u00f3n en relaci\u00f3n a la violencia en contra de las mujeres ya que solo as\u00ed se puede evitar la recurrencia e impunidad de estos casos\u201d, precis\u00f3.<\/p>\n\n\n\n<p>Zambrano inform\u00f3, tomando en cuenta el constante monitoreo que realizan, que solo en el mes de febrero 2023 se registraron&nbsp; 17 femicidios, 15 de ellos en grado de frustraci\u00f3n.<\/p>\n\n\n\n<p>Agreg\u00f3 que 10 venezolanas fueron asesinadas fuera del territorio nacional, espec\u00edficamente en Colombia, Per\u00fa, Ecuador y Estados Unidos.<\/p>\n\n\n\n<p>\u201cEl llamado es para que los medios de comunicaci\u00f3n visibilicen estos casos, debemos darle voz a esas mujeres y ni\u00f1as que murieron o han sido v\u00edctimas de la violencia femicida, adem\u00e1s, debemos exigirle al Estado venezolano acciones urgentes\u201d, dijo.<\/p>\n\n\n\n<p>En este primer taller interactivo de formaci\u00f3n para periodistas denominado <em>\u201cAbordaje de la violencia de g\u00e9nero e infantil\u201d<\/em>, que fue realizado este 24 de marzo en la Universidad Santa Mar\u00eda, Zambrano explic\u00f3 los t\u00e9rminos correctos que se deben utilizar al rese\u00f1ar los casos de violencia de g\u00e9nero y pidi\u00f3 a reporteros, estudiantes, profesores y p\u00fablico en general revisar con detenimiento el contenido de la Ley Org\u00e1nica sobre el derecho de las mujeres a una vida libre de violencia.<\/p>\n\n\n\n<p>\u201cNo es correcto, por ejemplo, utilizar t\u00e9rminos como crimen pasional o decir que la mat\u00f3 por celos. No existen cr\u00edmenes pasionales, porque la pasi\u00f3n es otra cosa y decir que la mat\u00f3 por celos es culpar o re victimizar a la v\u00edctima\u201d, explic\u00f3 la antrop\u00f3loga.<\/p>\n\n\n\n<p><strong>La educaci\u00f3n es fundamental<\/strong><\/p>\n\n\n\n<p>La periodista Vanessa Moreno, coordinadora de comunicaciones de Cecodap, dijo que al menos 209 hechos violentos fueron reportados en ni\u00f1os, ni\u00f1as y adolescentes desde enero hasta junio del a\u00f1o 2021. Agreg\u00f3 que los estados Anzo\u00e1tegui, Monagas, Zulia, T\u00e1chira, Miranda, Bol\u00edvar y Caracas son las entidades que presentan mayor n\u00famero de casos.<\/p>\n\n\n\n<p>\u201cDe acuerdo a las investigaciones que hemos realizado en Cecodap, 18,2% de estos casos representa maltrato infantil, un 33,30% homicidios, 36,3% son ni\u00f1os, un 51,0% son ni\u00f1as y un 11,9% de las v\u00edctimas no fueron identificadas en su g\u00e9nero, pero se determin\u00f3 que fueron sometidas a abuso sexual y esclavitud infantil\u201d, dijo Moreno. &nbsp;<\/p>\n\n\n\n<p>La vocera de Cecodap, haciendo alusi\u00f3n al contenido al art\u00edculo 61 de la Ley Org\u00e1nica&nbsp; de Protecci\u00f3n de Ni\u00f1os, Ni\u00f1as y Adolescentes (Lopna) indic\u00f3 que debe haber un sistema educativo suficientemente s\u00f3lido que garantice modalidades, planes y programas de educaci\u00f3n para la poblaci\u00f3n infantil.<\/p>\n\n\n\n<p>\u201cNo cabe la menor duda, solo con educaci\u00f3n podremos evitar la violencia que existe en contra de los ni\u00f1os, ni\u00f1as y adolescentes de la nuestra sociedad\u201d, indic\u00f3 Moreno.<\/p>\n\n\n\n<p><strong>La prevenci\u00f3n como pol\u00edtica de Estado<\/strong><\/p>\n\n\n\n<p>Indira Parra, m\u00e9dico, psiquiatra forense y exfuncionaria del Ministerio P\u00fablico, dijo que se deben incrementar las acciones en pro de la prevenci\u00f3n de la violencia.<\/p>\n\n\n\n<p>Destac\u00f3, por ejemplo, la necesidad de cambiar muchos aspectos del lenguaje usado por los venezolanos y dise\u00f1ar pol\u00edticas p\u00fablicas para detener el deterioro social.<\/p>\n\n\n\n<p>Parra tambi\u00e9n dio relevancia al papel que juegan los medios de comunicaci\u00f3n social e invit\u00f3 a los periodistas a seguir form\u00e1ndose en materia de violencia no solo de g\u00e9nero e infantil sino en todas las formas que han surgido a la luz de la crisis pol\u00edtica y social de Venezuela.<\/p>\n\n\n\n<p><strong>El objetivo es ayudar en la formaci\u00f3n de los periodistas<\/strong><\/p>\n\n\n\n<p>Preocupada por los altos \u00edndices de violencia que se vienen registrando en nuestros pa\u00eds y en la cobertura de estos hechos, la periodista Carolina Isava, directora del portal de noticias <em>Qu\u00e9 pasa en Venezuela<\/em> se propuso dictar el Primer taller de formaci\u00f3n sobre violencia de g\u00e9nero e infantil.<\/p>\n\n\n\n<p>\u201cHemos tra\u00eddo desde los estados Yaracuy, Sucre, Bol\u00edvar Trujillo, Gu\u00e1rico, Barinas y Monagas a los corresponsales que, a manera de colaboraci\u00f3n,&nbsp; escriben para el portal que dirijo. El prop\u00f3sito es que regresen a sus regiones con herramientas adecuadas en materia de violencia de g\u00e9nero e infantil\u201d, dijo la profesional de la comunicaci\u00f3n.<\/p>\n\n\n\n<p>Isava inform\u00f3 que en esta oportunidad participaron no solo periodistas que ya ejercen la profesi\u00f3n sino alumnos de la Escuela de Comunicaci\u00f3n Social de la Universidad Santa Mar\u00eda, profesores de esa casa de estudios y abogados litigantes como el conocido profesional del derecho Joel Garc\u00eda, entre otros.<\/p>\n\n\n\n<p>&nbsp;\u201cDe acuerdo al registro que realizamos, solo de la Universidad Santa Mar\u00eda, participaron 120 personas, entre alumnos y profesores, eso demuestra el inter\u00e9s que este tipo de temas despierta\u201d, precis\u00f3 Isava.<\/p>\n\n\n\n<p>La referida actividad cont\u00f3 con la presencia y apoyo del periodista Edgar C\u00e1rdenas, Secretario general del Colegio Nacional de Periodistas (CNP), seccional Caracas. Tambi\u00e9n asisti\u00f3 el director de la Escuela de Comunicaci\u00f3n Social de la Universidad Santa Mar\u00eda, \u00c1ngel Silva.<\/p>\n\n\n\n<p>C\u00e1rdenas, por su parte, se mostr\u00f3 complacido por la interacci\u00f3n que se registr\u00f3 entre las expertas y el p\u00fablico asistente y dijo que ante la opacidad de las instituciones del Estado es muy importante que las organizaciones no gubernamentales den a conocer las cifras de estos \u00a0y otros casos de violencia.\u00a0<\/p>\n\n\n\n<p>Nota de prensa <strong>Yira Yoyotte<\/strong><\/p>\n\n\n\n<p><\/p>\n","protected":false},"excerpt":{"rendered":"<p>Durante un taller de formaci\u00f3n para periodistas auspiciado por la Voz de America (VOA) y la Agency for Global Media,&nbsp; tres importantes expertas llegaron a la conclusi\u00f3n de que la falta de pol\u00edticas p\u00fablicas en Venezuela exacerba los innumerables hechos de violencia en contra de mujeres, ni\u00f1os, ni\u00f1as y adolescentes.<\/p>\n","protected":false},"author":2,"featured_media":6668,"comment_status":"open","ping_status":"open","sticky":false,"template":"","format":"standard","meta":{"advanced_seo_description":"","jetpack_seo_html_title":"","jetpack_seo_noindex":false,"_jetpack_memberships_contains_paid_content":false,"footnotes":"","jetpack_publicize_message":"","jetpack_publicize_feature_enabled":true,"jetpack_social_post_already_shared":true,"jetpack_social_options":{"image_generator_settings":{"template":"highway","enabled":false},"version":2}},"categories":[305],"tags":[8,7,32],"class_list":["post-6667","post","type-post","status-publish","format-standard","has-post-thumbnail","hentry","category-derechos-humanos","tag-altagraciadeorituco","tag-guarico","tag-webdealta",""],"jetpack_publicize_connections":[],"jetpack_featured_media_url":"https:\/\/webdealta.info\/wp-content\/uploads\/2023\/03\/taller-ddhh-webdealta.png","jetpack_sharing_enabled":true,"jetpack_likes_enabled":true,"jetpack-related-posts":[],"jetpack_shortlink":"https:\/\/wp.me\/pcseDn-1Jx","_links":{"self":[{"href":"https:\/\/webdealta.info\/index.php?rest_route=\/wp\/v2\/posts\/6667","targetHints":{"allow":["GET"]}}],"collection":[{"href":"https:\/\/webdealta.info\/index.php?rest_route=\/wp\/v2\/posts"}],"about":[{"href":"https:\/\/webdealta.info\/index.php?rest_route=\/wp\/v2\/types\/post"}],"author":[{"embeddable":true,"href":"https:\/\/webdealta.info\/index.php?rest_route=\/wp\/v2\/users\/2"}],"replies":[{"embeddable":true,"href":"https:\/\/webdealta.info\/index.php?rest_route=%2Fwp%2Fv2%2Fcomments&post=6667"}],"version-history":[{"count":1,"href":"https:\/\/webdealta.info\/index.php?rest_route=\/wp\/v2\/posts\/6667\/revisions"}],"predecessor-version":[{"id":6669,"href":"https:\/\/webdealta.info\/index.php?rest_route=\/wp\/v2\/posts\/6667\/revisions\/6669"}],"wp:featuredmedia":[{"embeddable":true,"href":"https:\/\/webdealta.info\/index.php?rest_route=\/wp\/v2\/media\/6668"}],"wp:attachment":[{"href":"https:\/\/webdealta.info\/index.php?rest_route=%2Fwp%2Fv2%2Fmedia&parent=6667"}],"wp:term":[{"taxonomy":"category","embeddable":true,"href":"https:\/\/webdealta.info\/index.php?rest_route=%2Fwp%2Fv2%2Fcategories&post=6667"},{"taxonomy":"post_tag","embeddable":true,"href":"https:\/\/webdealta.info\/index.php?rest_route=%2Fwp%2Fv2%2Ftags&post=6667"}],"curies":[{"name":"wp","href":"https:\/\/api.w.org\/{rel}","templated":true}]}}