{"id":6659,"date":"2023-03-27T21:31:44","date_gmt":"2023-03-28T01:31:44","guid":{"rendered":"https:\/\/webdealta.info\/?p=6659"},"modified":"2023-03-27T21:31:45","modified_gmt":"2023-03-28T01:31:45","slug":"jornada-de-citologia-en-prevencion-del-cancer-de-cuello-uterino","status":"publish","type":"post","link":"https:\/\/webdealta.info\/?p=6659","title":{"rendered":"Jornada de citolog\u00eda en Prevenci\u00f3n del C\u00e1ncer de Cuello Uterino"},"content":{"rendered":"\n<p>Amanda Saldivia.-<\/p>\n\n\n\n<p>Con la 1era. Jornada de Citolog\u00eda de C\u00e9rvix Dr. Juan Herm\u00f3genes Rivas Montilla, la Policl\u00ednica del Llano resalt\u00f3 el D\u00eda Mundial de la Prevenci\u00f3n del C\u00e1ncer de Cuello Uterino, al tiempo que rindi\u00f3 un homenaje p\u00f3stumo a ese recordado ginecoobstetra que durante a\u00f1os labor\u00f3 en esta instituci\u00f3n de salud.<\/p>\n\n\n\n<p>Teresita de Doumat, gerente de Servicios Generales, dijo que la jornada permite honrar la memoria de un m\u00e9dico que trabaj\u00f3 de la mano del Dr. Abelardo Doumat, presidente de la Junta Directiva, as\u00ed como tambi\u00e9n era satisfactorio atender a las mujeres para que tengan acceso a un examen importante para la detecci\u00f3n temprana de cualquier lesi\u00f3n que pueda conducir a c\u00e1ncer de cuello uterino.<\/p>\n\n\n\n<p>En las declaraciones ofrecidas a la Web de Altagracia, mencion\u00f3 que la iniciativa fue de la Dra. Rosa Hern\u00e1ndez, gineco-onc\u00f3logo de larga trayectoria y aliada para llevar adelante la jornada, acompa\u00f1ada por otros profesionales del \u00e1rea, entre ellos el Dr. Abelardo Doumat, Dr. Felix Palacios, Dr. Rafael Gallardo y Dra. Nairelbys Castillo, adem\u00e1s de los m\u00e9dicos residentes Carmen Quintana, Leny Toch\u00f3n, Jaimelys Aguirre y Dorlis Navas.<\/p>\n\n\n\n<p>Por su parte, la Dra. Rosa Hern\u00e1ndez se\u00f1al\u00f3 que la \u201cjornada nos sirve como un llamado de atenci\u00f3n, de informaci\u00f3n, de promoci\u00f3n, a las mujeres sobre esta enfermedad, hemos seleccionado los d\u00edas desde el 27 al 31 de marzo, de ocho a tres de la tarde, en este ambiente en La Casona, diagonal a la Policl\u00ednica del Llano\u201d.<\/p>\n\n\n\n<p>Respecto a la importancia de la citolog\u00eda, precis\u00f3 que se trata de un examen que detecta lesiones que todav\u00eda no son visibles al ojo humano, \u201ces decir el m\u00e9dico todav\u00eda no ve esta lesi\u00f3n, recordemos que el c\u00e1ncer de cuello uterino es una enfermedad de crecimiento muy lento que puede tardar 10 a\u00f1os, 12 a\u00f1os, 15 a\u00f1os en desarrollarse, pero que los primeros cambios son microsc\u00f3picos\u2026con ese examen se puede identificar y se puede tratar\u201d.<\/p>\n\n\n\n<p>Celebr\u00f3 que la Policl\u00ednica del Llano, representada en su junta directiva por el Dr. Abelardo Doumat, haya querido dar esta oportunidad a las mujeres del municipio con una jornada a precio solidario.<\/p>\n\n\n\n<p>@amandasaldivia  <\/p>\n\n\n\n<p><\/p>\n","protected":false},"excerpt":{"rendered":"<p>Amanda Saldivia.- Con la 1era. Jornada de Citolog\u00eda de C\u00e9rvix Dr. Juan Herm\u00f3genes Rivas Montilla, la Policl\u00ednica del Llano resalt\u00f3 el D\u00eda Mundial de la Prevenci\u00f3n del C\u00e1ncer de Cuello Uterino, al tiempo que rindi\u00f3 un homenaje p\u00f3stumo a ese recordado ginecoobstetra que durante a\u00f1os labor\u00f3 en esta instituci\u00f3n de<\/p>\n","protected":false},"author":2,"featured_media":6660,"comment_status":"open","ping_status":"open","sticky":false,"template":"","format":"standard","meta":{"advanced_seo_description":"","jetpack_seo_html_title":"","jetpack_seo_noindex":false,"_jetpack_memberships_contains_paid_content":false,"footnotes":"","jetpack_publicize_message":"","jetpack_publicize_feature_enabled":true,"jetpack_social_post_already_shared":true,"jetpack_social_options":{"image_generator_settings":{"template":"highway","enabled":false},"version":2}},"categories":[12,251],"tags":[8,7,32],"class_list":["post-6659","post","type-post","status-publish","format-standard","has-post-thumbnail","hentry","category-salud","category-webdealta","tag-altagraciadeorituco","tag-guarico","tag-webdealta",""],"jetpack_publicize_connections":[],"jetpack_featured_media_url":"https:\/\/webdealta.info\/wp-content\/uploads\/2023\/03\/policlinica-webdealta-1.png","jetpack_sharing_enabled":true,"jetpack_likes_enabled":true,"jetpack-related-posts":[],"jetpack_shortlink":"https:\/\/wp.me\/pcseDn-1Jp","_links":{"self":[{"href":"https:\/\/webdealta.info\/index.php?rest_route=\/wp\/v2\/posts\/6659","targetHints":{"allow":["GET"]}}],"collection":[{"href":"https:\/\/webdealta.info\/index.php?rest_route=\/wp\/v2\/posts"}],"about":[{"href":"https:\/\/webdealta.info\/index.php?rest_route=\/wp\/v2\/types\/post"}],"author":[{"embeddable":true,"href":"https:\/\/webdealta.info\/index.php?rest_route=\/wp\/v2\/users\/2"}],"replies":[{"embeddable":true,"href":"https:\/\/webdealta.info\/index.php?rest_route=%2Fwp%2Fv2%2Fcomments&post=6659"}],"version-history":[{"count":1,"href":"https:\/\/webdealta.info\/index.php?rest_route=\/wp\/v2\/posts\/6659\/revisions"}],"predecessor-version":[{"id":6661,"href":"https:\/\/webdealta.info\/index.php?rest_route=\/wp\/v2\/posts\/6659\/revisions\/6661"}],"wp:featuredmedia":[{"embeddable":true,"href":"https:\/\/webdealta.info\/index.php?rest_route=\/wp\/v2\/media\/6660"}],"wp:attachment":[{"href":"https:\/\/webdealta.info\/index.php?rest_route=%2Fwp%2Fv2%2Fmedia&parent=6659"}],"wp:term":[{"taxonomy":"category","embeddable":true,"href":"https:\/\/webdealta.info\/index.php?rest_route=%2Fwp%2Fv2%2Fcategories&post=6659"},{"taxonomy":"post_tag","embeddable":true,"href":"https:\/\/webdealta.info\/index.php?rest_route=%2Fwp%2Fv2%2Ftags&post=6659"}],"curies":[{"name":"wp","href":"https:\/\/api.w.org\/{rel}","templated":true}]}}