{"id":6649,"date":"2023-03-26T13:46:08","date_gmt":"2023-03-26T17:46:08","guid":{"rendered":"https:\/\/webdealta.info\/?p=6649"},"modified":"2023-03-26T13:46:09","modified_gmt":"2023-03-26T17:46:09","slug":"iee-altagracia-resalto-el-dia-mundial-del-sindrome-de-down","status":"publish","type":"post","link":"https:\/\/webdealta.info\/?p=6649","title":{"rendered":"IEE Altagracia resalt\u00f3 el D\u00eda Mundial del S\u00edndrome de Down"},"content":{"rendered":"\n<p>Amanda Saldivia.-<\/p>\n\n\n\n<p>El lema \u201cCon nosotros, no por nosotros\u201d fue el escogido por la Organizaci\u00f3n de las Naciones Unidas para celebrar este 2023 el D\u00eda Mundial del S\u00edndrome de Down, fecha en la cual se resalta esta discapacidad para fomentar la inclusi\u00f3n, no la compasi\u00f3n hacia quienes tienen esta condici\u00f3n dada por la alteraci\u00f3n cromos\u00f3mica.<\/p>\n\n\n\n<p>As\u00ed lo se\u00f1al\u00f3 la profesora Marcia Vel\u00e1squez, directora del Instituto de Educaci\u00f3n Especial Altagracia, al anunciar que el pasado viernes 24 de marzo celebraron con un agasajo a los ni\u00f1os organizado por la alcald\u00eda del municipio Monagas, por medio de la Dra. Elsy Rodr\u00edguez, esposa del alcalde Pedro Sol\u00f3rzano.<\/p>\n\n\n\n<p>Sobre el desarrollo de la actividad, la profesora Vel\u00e1squez precis\u00f3 que hubo las palabras de la Dra. Elsy Rodr\u00edguez en torno a la importancia de la inclusi\u00f3n en el marco del D\u00eda Mundial del S\u00edndrome de Down, para luego dar paso a la participaci\u00f3n de la coral Manos Blancas a cargo del profesor Michel Flores, la cual est\u00e1 integrada por los estudiantes \u201ccon deficiencias auditivas, compromiso cognitivo y estudiantes de las escuelas primarias del municipio\u201d.<\/p>\n\n\n\n<p>Igualmente, mencion\u00f3 la participaci\u00f3n de la Escuela de Danza Ritmo, Arte y Tradici\u00f3n que dirige la profesora Daniela Ortu\u00f1o y las actividades organizadas por los recreadores de la Alcald\u00eda del Municipio Jos\u00e9 Tadeo Monagas, entre ellas bailoterapia y pintacaritas, adem\u00e1s del refrigerio y entrega de obsequios.<\/p>\n\n\n\n<p>La profesora Marcia Vel\u00e1squez aprovech\u00f3 el contacto con la Web de Altagracia para dar las gracias \u00aba todos los entes participantes y con la bendici\u00f3n de Dios le regalamos una sonrisa de esperanza a todos los educandos que hacen vida en nuestra Instituci\u00f3n, con la uni\u00f3n en oraci\u00f3n\u201d.<\/p>\n\n\n\n<p>&nbsp;@amandasaldivia<\/p>\n\n\n\n<p>Fotos cortes\u00eda  <\/p>\n\n\n\n<p><\/p>\n","protected":false},"excerpt":{"rendered":"<p>Amanda Saldivia.- El lema \u201cCon nosotros, no por nosotros\u201d fue el escogido por la Organizaci\u00f3n de las Naciones Unidas para celebrar este 2023 el D\u00eda Mundial del S\u00edndrome de Down, fecha en la cual se resalta esta discapacidad para fomentar la inclusi\u00f3n, no la compasi\u00f3n hacia quienes tienen esta condici\u00f3n<\/p>\n","protected":false},"author":2,"featured_media":6650,"comment_status":"open","ping_status":"open","sticky":false,"template":"","format":"standard","meta":{"advanced_seo_description":"","jetpack_seo_html_title":"","jetpack_seo_noindex":false,"_jetpack_memberships_contains_paid_content":false,"footnotes":"","jetpack_publicize_message":"","jetpack_publicize_feature_enabled":true,"jetpack_social_post_already_shared":true,"jetpack_social_options":{"image_generator_settings":{"template":"highway","enabled":false},"version":2}},"categories":[151],"tags":[8,7,32],"class_list":["post-6649","post","type-post","status-publish","format-standard","has-post-thumbnail","hentry","category-educacion","tag-altagraciadeorituco","tag-guarico","tag-webdealta",""],"jetpack_publicize_connections":[],"jetpack_featured_media_url":"https:\/\/webdealta.info\/wp-content\/uploads\/2023\/03\/iee-altagracia-webdealta-cinco.png","jetpack_sharing_enabled":true,"jetpack_likes_enabled":true,"jetpack-related-posts":[],"jetpack_shortlink":"https:\/\/wp.me\/pcseDn-1Jf","_links":{"self":[{"href":"https:\/\/webdealta.info\/index.php?rest_route=\/wp\/v2\/posts\/6649","targetHints":{"allow":["GET"]}}],"collection":[{"href":"https:\/\/webdealta.info\/index.php?rest_route=\/wp\/v2\/posts"}],"about":[{"href":"https:\/\/webdealta.info\/index.php?rest_route=\/wp\/v2\/types\/post"}],"author":[{"embeddable":true,"href":"https:\/\/webdealta.info\/index.php?rest_route=\/wp\/v2\/users\/2"}],"replies":[{"embeddable":true,"href":"https:\/\/webdealta.info\/index.php?rest_route=%2Fwp%2Fv2%2Fcomments&post=6649"}],"version-history":[{"count":1,"href":"https:\/\/webdealta.info\/index.php?rest_route=\/wp\/v2\/posts\/6649\/revisions"}],"predecessor-version":[{"id":6651,"href":"https:\/\/webdealta.info\/index.php?rest_route=\/wp\/v2\/posts\/6649\/revisions\/6651"}],"wp:featuredmedia":[{"embeddable":true,"href":"https:\/\/webdealta.info\/index.php?rest_route=\/wp\/v2\/media\/6650"}],"wp:attachment":[{"href":"https:\/\/webdealta.info\/index.php?rest_route=%2Fwp%2Fv2%2Fmedia&parent=6649"}],"wp:term":[{"taxonomy":"category","embeddable":true,"href":"https:\/\/webdealta.info\/index.php?rest_route=%2Fwp%2Fv2%2Fcategories&post=6649"},{"taxonomy":"post_tag","embeddable":true,"href":"https:\/\/webdealta.info\/index.php?rest_route=%2Fwp%2Fv2%2Ftags&post=6649"}],"curies":[{"name":"wp","href":"https:\/\/api.w.org\/{rel}","templated":true}]}}