{"id":6645,"date":"2023-03-26T12:21:57","date_gmt":"2023-03-26T16:21:57","guid":{"rendered":"https:\/\/webdealta.info\/?p=6645"},"modified":"2023-03-26T12:21:59","modified_gmt":"2023-03-26T16:21:59","slug":"el-poder-del-conocimiento-el-equinoccio-y-el-solsticio","status":"publish","type":"post","link":"https:\/\/webdealta.info\/?p=6645","title":{"rendered":"El Poder del Conocimiento: el equinoccio y el solsticio"},"content":{"rendered":"\n<p>Amanda Saldivia.-<\/p>\n\n\n\n<p>Entre las m\u00faltiples maravillas de la tierra est\u00e1n las estaciones. En los pa\u00edses m\u00e1s norte o al sur del planeta estas son evidentes. Se pasa de la primavera al verano, luego llega el oto\u00f1o como pre\u00e1mbulo al fr\u00edo invierno.<\/p>\n\n\n\n<p>Las estaciones est\u00e1n marcadas por dos procesos: el solsticio y el equinoccio. Estos t\u00e9rminos se los dio el hombre para definir los eventos que se registran producto de la traslaci\u00f3n del planeta en torno al sol y por la inclinaci\u00f3n que tiene la Tierra sobre su eje.<\/p>\n\n\n\n<p>Como la \u00f3rbita no es circular, sino el\u00edptica. Entonces al a\u00f1o se registran dos solsticios y dos equinoccios y estos marcan las distintas estaciones del a\u00f1o, dependiendo de si est\u00e1s en el hemisferio norte o en el hemisferio sur.<\/p>\n\n\n\n<p>Una reciente publicaci\u00f3n del INAMEH rese\u00f1a que \u201csi la Tierra no estuviera inclinada, el Sol siempre incidir\u00eda sobre el Ecuador y la cantidad de luz que recibir\u00eda el planeta ser\u00eda la misma en todos los lugares, y no habr\u00eda estaciones\u201d.<\/p>\n\n\n\n<p>Sin embargo, por esa inclinaci\u00f3n de la Tierra y la forma el\u00edptica de la \u00f3rbita tenemos el equinoccio de primavera y de oto\u00f1o, per\u00edodos donde los d\u00edas y las noches tienen la misma duraci\u00f3n.<\/p>\n\n\n\n<p>Explica el INAMEH que el \u201cequinoccio de marzo inicia entre el 20 y 21 de este mes\u201d y el equinoccio de septiembre entre el 22 y 23. Entonces en el norte comienza la primavera y en el sur el oto\u00f1o.<\/p>\n\n\n\n<p>En el solsticio de verano y el de invierno hay una diferencia. En el de verano los d\u00edas son largos y las noches corta; mientras que el solsticio de invierno las noches son largas y los d\u00edas cortos. Claro est\u00e1, que mientras en el hemisferio norte sea invierno en el sur ver\u00e1 verano. El Solsticio de junio es el 21 y el de diciembre inicia tambi\u00e9n el 21 de ese mes.<\/p>\n\n\n\n<p>Venezuela por estar en el tr\u00f3pico, no tiene estaciones, si no per\u00edodo seco y lluvioso. No obstante, por estar ubicada en el hemisferio norte, al llegar el equinoccio de primavera, a partir de este 20 de marzo, hay un desplazamiento de los rayos solares perpendiculares que origina las mayores temperaturas del a\u00f1o, en lo que resta de este mes, as\u00ed como tambi\u00e9n en abril y mayo, para luego dar paso al esperado per\u00edodo lluvioso y que abunden las cosechas.   <\/p>\n\n\n\n<p>@amandasaldivia   <\/p>\n\n\n\n<p><\/p>\n","protected":false},"excerpt":{"rendered":"<p>Amanda Saldivia.- Entre las m\u00faltiples maravillas de la tierra est\u00e1n las estaciones. En los pa\u00edses m\u00e1s norte o al sur del planeta estas son evidentes. Se pasa de la primavera al verano, luego llega el oto\u00f1o como pre\u00e1mbulo al fr\u00edo invierno. Las estaciones est\u00e1n marcadas por dos procesos: el solsticio<\/p>\n","protected":false},"author":2,"featured_media":6646,"comment_status":"open","ping_status":"open","sticky":false,"template":"","format":"standard","meta":{"advanced_seo_description":"","jetpack_seo_html_title":"","jetpack_seo_noindex":false,"_jetpack_memberships_contains_paid_content":false,"footnotes":"","jetpack_publicize_message":"","jetpack_publicize_feature_enabled":true,"jetpack_social_post_already_shared":true,"jetpack_social_options":{"image_generator_settings":{"template":"highway","enabled":false},"version":2}},"categories":[302],"tags":[8,7,32],"class_list":["post-6645","post","type-post","status-publish","format-standard","has-post-thumbnail","hentry","category-el-poder-del-conocimiento","tag-altagraciadeorituco","tag-guarico","tag-webdealta",""],"jetpack_publicize_connections":[],"jetpack_featured_media_url":"https:\/\/webdealta.info\/wp-content\/uploads\/2023\/03\/estaciones.png","jetpack_sharing_enabled":true,"jetpack_likes_enabled":true,"jetpack-related-posts":[],"jetpack_shortlink":"https:\/\/wp.me\/pcseDn-1Jb","_links":{"self":[{"href":"https:\/\/webdealta.info\/index.php?rest_route=\/wp\/v2\/posts\/6645","targetHints":{"allow":["GET"]}}],"collection":[{"href":"https:\/\/webdealta.info\/index.php?rest_route=\/wp\/v2\/posts"}],"about":[{"href":"https:\/\/webdealta.info\/index.php?rest_route=\/wp\/v2\/types\/post"}],"author":[{"embeddable":true,"href":"https:\/\/webdealta.info\/index.php?rest_route=\/wp\/v2\/users\/2"}],"replies":[{"embeddable":true,"href":"https:\/\/webdealta.info\/index.php?rest_route=%2Fwp%2Fv2%2Fcomments&post=6645"}],"version-history":[{"count":1,"href":"https:\/\/webdealta.info\/index.php?rest_route=\/wp\/v2\/posts\/6645\/revisions"}],"predecessor-version":[{"id":6647,"href":"https:\/\/webdealta.info\/index.php?rest_route=\/wp\/v2\/posts\/6645\/revisions\/6647"}],"wp:featuredmedia":[{"embeddable":true,"href":"https:\/\/webdealta.info\/index.php?rest_route=\/wp\/v2\/media\/6646"}],"wp:attachment":[{"href":"https:\/\/webdealta.info\/index.php?rest_route=%2Fwp%2Fv2%2Fmedia&parent=6645"}],"wp:term":[{"taxonomy":"category","embeddable":true,"href":"https:\/\/webdealta.info\/index.php?rest_route=%2Fwp%2Fv2%2Fcategories&post=6645"},{"taxonomy":"post_tag","embeddable":true,"href":"https:\/\/webdealta.info\/index.php?rest_route=%2Fwp%2Fv2%2Ftags&post=6645"}],"curies":[{"name":"wp","href":"https:\/\/api.w.org\/{rel}","templated":true}]}}