{"id":6637,"date":"2023-03-22T21:35:10","date_gmt":"2023-03-23T01:35:10","guid":{"rendered":"https:\/\/webdealta.info\/?p=6637"},"modified":"2023-03-22T21:35:11","modified_gmt":"2023-03-23T01:35:11","slug":"camara-de-comercio-solicito-reapertura-del-saime-en-altagracia","status":"publish","type":"post","link":"https:\/\/webdealta.info\/?p=6637","title":{"rendered":"C\u00e1mara de Comercio solicit\u00f3 reapertura del SAIME en Altagracia"},"content":{"rendered":"\n<p>Amanda Saldivia.-<\/p>\n\n\n\n<p>Adem\u00e1s de las gestiones realizadas ante Hidrop\u00e1ez, la directiva de la C\u00e1mara de Comercio del municipio Monagas, se traslad\u00f3, ese mi\u00e9rcoles 22 de marzo, hasta la oficina del SAIME en San Juan de los Morros, a los fines de solicitar que sea reabierta esa dependencia en Altagracia de Orituco y que se realicen operativos especiales de identificaci\u00f3n.<\/p>\n\n\n\n<p>La comisi\u00f3n de la C\u00e1mara de Comercio estuvo encabezada por Pablo Rojas, presidente, acompa\u00f1ado por los directores R\u00f3mulo Laya, Sixto Coronil, Jacher Jabana y la comerciante Francidela Mota.<\/p>\n\n\n\n<p>Ah\u00ed fueron atendidos por la gerente Sonia Gonz\u00e1lez, quien recibi\u00f3 el documento para elevarlo a la oficina central del SAIME. Trascendi\u00f3 que hay gestiones adelantadas en ese sentido, pero que la comunicaci\u00f3n del gremio de comerciantes del municipio Monagas refuerza la solicitud para que se concrete la reapertura de esa oficina en Altagracia de Orituco.<\/p>\n\n\n\n<p>@amandasaldivia    <\/p>\n\n\n\n<p><\/p>\n","protected":false},"excerpt":{"rendered":"<p>Amanda Saldivia.- Adem\u00e1s de las gestiones realizadas ante Hidrop\u00e1ez, la directiva de la C\u00e1mara de Comercio del municipio Monagas, se traslad\u00f3, ese mi\u00e9rcoles 22 de marzo, hasta la oficina del SAIME en San Juan de los Morros, a los fines de solicitar que sea reabierta esa dependencia en Altagracia de<\/p>\n","protected":false},"author":2,"featured_media":6638,"comment_status":"open","ping_status":"open","sticky":false,"template":"","format":"standard","meta":{"advanced_seo_description":"","jetpack_seo_html_title":"","jetpack_seo_noindex":false,"_jetpack_memberships_contains_paid_content":false,"footnotes":"","jetpack_publicize_message":"","jetpack_publicize_feature_enabled":true,"jetpack_social_post_already_shared":true,"jetpack_social_options":{"image_generator_settings":{"template":"highway","enabled":false},"version":2}},"categories":[310,251],"tags":[8,7,32],"class_list":["post-6637","post","type-post","status-publish","format-standard","has-post-thumbnail","hentry","category-camara-de-comercio","category-webdealta","tag-altagraciadeorituco","tag-guarico","tag-webdealta",""],"jetpack_publicize_connections":[],"jetpack_featured_media_url":"https:\/\/webdealta.info\/wp-content\/uploads\/2023\/03\/saime-webdealta-caamara-de-comercio-altagracia.png","jetpack_sharing_enabled":true,"jetpack_likes_enabled":true,"jetpack-related-posts":[],"jetpack_shortlink":"https:\/\/wp.me\/pcseDn-1J3","_links":{"self":[{"href":"https:\/\/webdealta.info\/index.php?rest_route=\/wp\/v2\/posts\/6637","targetHints":{"allow":["GET"]}}],"collection":[{"href":"https:\/\/webdealta.info\/index.php?rest_route=\/wp\/v2\/posts"}],"about":[{"href":"https:\/\/webdealta.info\/index.php?rest_route=\/wp\/v2\/types\/post"}],"author":[{"embeddable":true,"href":"https:\/\/webdealta.info\/index.php?rest_route=\/wp\/v2\/users\/2"}],"replies":[{"embeddable":true,"href":"https:\/\/webdealta.info\/index.php?rest_route=%2Fwp%2Fv2%2Fcomments&post=6637"}],"version-history":[{"count":1,"href":"https:\/\/webdealta.info\/index.php?rest_route=\/wp\/v2\/posts\/6637\/revisions"}],"predecessor-version":[{"id":6639,"href":"https:\/\/webdealta.info\/index.php?rest_route=\/wp\/v2\/posts\/6637\/revisions\/6639"}],"wp:featuredmedia":[{"embeddable":true,"href":"https:\/\/webdealta.info\/index.php?rest_route=\/wp\/v2\/media\/6638"}],"wp:attachment":[{"href":"https:\/\/webdealta.info\/index.php?rest_route=%2Fwp%2Fv2%2Fmedia&parent=6637"}],"wp:term":[{"taxonomy":"category","embeddable":true,"href":"https:\/\/webdealta.info\/index.php?rest_route=%2Fwp%2Fv2%2Fcategories&post=6637"},{"taxonomy":"post_tag","embeddable":true,"href":"https:\/\/webdealta.info\/index.php?rest_route=%2Fwp%2Fv2%2Ftags&post=6637"}],"curies":[{"name":"wp","href":"https:\/\/api.w.org\/{rel}","templated":true}]}}