{"id":6630,"date":"2023-03-21T23:05:02","date_gmt":"2023-03-22T03:05:02","guid":{"rendered":"https:\/\/webdealta.info\/?p=6630"},"modified":"2023-03-21T23:05:03","modified_gmt":"2023-03-22T03:05:03","slug":"secretario-de-gobierno-solicito-investigar-a-medios-ante-el-mp","status":"publish","type":"post","link":"https:\/\/webdealta.info\/?p=6630","title":{"rendered":"Secretario de Gobierno solicit\u00f3 investigar a medios ante el MP"},"content":{"rendered":"\n<p>El secretario general de Gobierno de la entidad llanera, G\/D Roger Cordero Lara en compa\u00f1\u00eda de su representante legal, elev\u00f3 la solicitud en las oficinas de la sede del Ministerio P\u00fablico, ubicado en &nbsp;la ciudad San Juan de los Morros, capital del estado Gu\u00e1rico, para iniciar el proceso de investigaci\u00f3n a medios de comunicaci\u00f3n que han hecho uso de plataformas digitales para difundir publicaciones que asocian a la autoridad local con hechos de corrupci\u00f3n dentro de Petr\u00f3leos de Venezuela S.A. (PDVSA).<\/p>\n\n\n\n<p>\u00abEn primer lugar, destaco que en ning\u00fan momento, ante los se\u00f1alamientos que se me han hecho, coinciden con la realidad que yo vivo. Nunca he trabajado para Pdvsa; tampoco conozco de trato o comunicaci\u00f3n a las personas con quien me asocian en esas publicaciones\u00bb, argument\u00f3 Lara posterior a la presentaci\u00f3n de la solicitud de dicha investigaci\u00f3n a las plataformas de comunicaci\u00f3n digital que se\u00f1alan al funcionario p\u00fablico guarique\u00f1o como part\u00edcipe en dichas acciones.<\/p>\n\n\n\n<p>\u00abHago la solicitud al Ministerio P\u00fablico y \u00f3rganos competentes, para realizar las investigaciones pertinentes para que haya lugar para determinar las consecuencias que esto conlleva. Que se investigue esta acci\u00f3n a trav\u00e9s de las redes sociales como Instagram, Facebook y Twitter. Esto es algo que da\u00f1a mi honor y mi reputaci\u00f3n, a mi c\u00edrculo familiar el cual ha estado perturbado durante d\u00edas por estos elementos\u00bb, enfatiz\u00f3 el secretario General de Gobierno del estado Gu\u00e1rico.<\/p>\n\n\n\n<p>El G\/D Cordero Lara ratific\u00f3 su posici\u00f3n como ciudadano y funcionario p\u00fablico, de sumarse al trabajo que actualmente adelanta el presidente de la Rep\u00fablica Nicol\u00e1s Maduro, as\u00ed como el gobernador de la entidad llanera Jos\u00e9 V\u00e1squez, en la lucha contra estas acciones de corrupci\u00f3n bajo el lema \u00a1Caiga quien caiga!, sentenciando que esto atenta con el bienestar de las familias venezolanas, por lo cual es un elemento en el que el Gobierno Bolivariano ha enfocado las estrategias.   <\/p>\n\n\n\n<p>Prensa Sibci Gu\u00e1rico<\/p>\n\n\n\n<p><\/p>\n","protected":false},"excerpt":{"rendered":"<p>El secretario general de Gobierno de la entidad llanera, G\/D Roger Cordero Lara en compa\u00f1\u00eda de su representante legal, elev\u00f3 la solicitud en las oficinas de la sede del Ministerio P\u00fablico, ubicado en &nbsp;la ciudad San Juan de los Morros, capital del estado Gu\u00e1rico, para iniciar el proceso de investigaci\u00f3n<\/p>\n","protected":false},"author":2,"featured_media":6631,"comment_status":"open","ping_status":"open","sticky":false,"template":"","format":"standard","meta":{"advanced_seo_description":"","jetpack_seo_html_title":"","jetpack_seo_noindex":false,"_jetpack_memberships_contains_paid_content":false,"footnotes":"","jetpack_publicize_message":"","jetpack_publicize_feature_enabled":true,"jetpack_social_post_already_shared":true,"jetpack_social_options":{"image_generator_settings":{"template":"highway","enabled":false},"version":2}},"categories":[66,251],"tags":[8,7,32],"class_list":["post-6630","post","type-post","status-publish","format-standard","has-post-thumbnail","hentry","category-regionales","category-webdealta","tag-altagraciadeorituco","tag-guarico","tag-webdealta",""],"jetpack_publicize_connections":[],"jetpack_featured_media_url":"https:\/\/webdealta.info\/wp-content\/uploads\/2023\/03\/roger-cordero-lara.png","jetpack_sharing_enabled":true,"jetpack_likes_enabled":true,"jetpack-related-posts":[],"jetpack_shortlink":"https:\/\/wp.me\/pcseDn-1IW","_links":{"self":[{"href":"https:\/\/webdealta.info\/index.php?rest_route=\/wp\/v2\/posts\/6630","targetHints":{"allow":["GET"]}}],"collection":[{"href":"https:\/\/webdealta.info\/index.php?rest_route=\/wp\/v2\/posts"}],"about":[{"href":"https:\/\/webdealta.info\/index.php?rest_route=\/wp\/v2\/types\/post"}],"author":[{"embeddable":true,"href":"https:\/\/webdealta.info\/index.php?rest_route=\/wp\/v2\/users\/2"}],"replies":[{"embeddable":true,"href":"https:\/\/webdealta.info\/index.php?rest_route=%2Fwp%2Fv2%2Fcomments&post=6630"}],"version-history":[{"count":1,"href":"https:\/\/webdealta.info\/index.php?rest_route=\/wp\/v2\/posts\/6630\/revisions"}],"predecessor-version":[{"id":6632,"href":"https:\/\/webdealta.info\/index.php?rest_route=\/wp\/v2\/posts\/6630\/revisions\/6632"}],"wp:featuredmedia":[{"embeddable":true,"href":"https:\/\/webdealta.info\/index.php?rest_route=\/wp\/v2\/media\/6631"}],"wp:attachment":[{"href":"https:\/\/webdealta.info\/index.php?rest_route=%2Fwp%2Fv2%2Fmedia&parent=6630"}],"wp:term":[{"taxonomy":"category","embeddable":true,"href":"https:\/\/webdealta.info\/index.php?rest_route=%2Fwp%2Fv2%2Fcategories&post=6630"},{"taxonomy":"post_tag","embeddable":true,"href":"https:\/\/webdealta.info\/index.php?rest_route=%2Fwp%2Fv2%2Ftags&post=6630"}],"curies":[{"name":"wp","href":"https:\/\/api.w.org\/{rel}","templated":true}]}}