{"id":6627,"date":"2023-03-21T22:58:18","date_gmt":"2023-03-22T02:58:18","guid":{"rendered":"https:\/\/webdealta.info\/?p=6627"},"modified":"2023-03-21T22:58:19","modified_gmt":"2023-03-22T02:58:19","slug":"en-programa-radical-resaltaron-el-dia-del-sindrome-de-down","status":"publish","type":"post","link":"https:\/\/webdealta.info\/?p=6627","title":{"rendered":"En programa radical resaltaron el D\u00eda del S\u00edndrome de Down"},"content":{"rendered":"\n<p>Amanda Saldivia.-<\/p>\n\n\n\n<p>La celebraci\u00f3n del D\u00eda Mundial del S\u00edndrome de Down incluy\u00f3 la participaci\u00f3n de dos j\u00f3venes con esa condici\u00f3n y sus madres, en el espacio radial Tiempo de Cambios que se transmite por la emisora Activa 104.9 FM de Altagracia de Orituco.<\/p>\n\n\n\n<p>Fue un programa ameno, en el cual Yulizabeth Zerpa y Leida Lugo, explicaron el proceso que vivieron con sus hijos y el constante mensaje a la sociedad de que nacer con s\u00edndrome de Down es una condici\u00f3n y no una enfermedad, tal como lo resalta la ONU al celebrarse esta fecha que busca enfatizar la necesidad de inclusi\u00f3n social.<\/p>\n\n\n\n<p>Yulitzabeth Zerpa, dijo que su hijo Jos\u00e9 Andr\u00e9s Mijares Zerpa es un ser extraordinario, destacado en los deportes, canta, estudia bachillerato en el Taller Laboral San Miguel Arc\u00e1ngel y tiene destrezas para incorporarse al emprendimiento de la familia, espec\u00edficamente en la elaboraci\u00f3n de quesos.<\/p>\n\n\n\n<p>Por su parte, Leida Lugo, dijo que aunque su hijo F\u00e9lix Marrero es menos comunicativo de manera verbal, forma parte tambi\u00e9n del Taller Laboral San Miguel Arc\u00e1ngel y adicionalmente es m\u00fasico, raz\u00f3n por la cual estudia percusi\u00f3n en la orquesta sinf\u00f3nica Rafael Magdaleno Infante Bandres.<\/p>\n\n\n\n<p>La nota musical del programa la puso Jos\u00e9 Andr\u00e9s Mijares con la interpretaci\u00f3n de una canci\u00f3n de Vicente Fern\u00e1ndez y al final otra del famoso Bad Bunny acompa\u00f1ado por F\u00e9lix Marrero.<\/p>\n\n\n\n<p>Igualmente, se resalt\u00f3 la fortaleza que tiene Altagracia con la existencia del Instituto de Educaci\u00f3n Especial y a\u00f1os m\u00e1s tarde con el Taller Laboral San Miguel Arc\u00e1ngel, lo que ha permitido la atenci\u00f3n temprana y la prosecuci\u00f3n de estudios para lograr la inserci\u00f3n social.<\/p>\n\n\n\n<p>Hubo un reconocimiento especial al profesor Jos\u00e9 Gregorio Hern\u00e1ndez, coordinador del Taller Laboral San Miguel Arc\u00e1ngel y a la profesora Marcia Vel\u00e1squez, directora del IEE Altagracia, as\u00ed como tambi\u00e9n a todos los trabajadores de ambas instituciones.<\/p>\n\n\n\n<p>@amandasaldivia   <\/p>\n\n\n\n<p><\/p>\n","protected":false},"excerpt":{"rendered":"<p>Amanda Saldivia.- La celebraci\u00f3n del D\u00eda Mundial del S\u00edndrome de Down incluy\u00f3 la participaci\u00f3n de dos j\u00f3venes con esa condici\u00f3n y sus madres, en el espacio radial Tiempo de Cambios que se transmite por la emisora Activa 104.9 FM de Altagracia de Orituco. Fue un programa ameno, en el cual<\/p>\n","protected":false},"author":2,"featured_media":6628,"comment_status":"open","ping_status":"open","sticky":false,"template":"","format":"standard","meta":{"advanced_seo_description":"","jetpack_seo_html_title":"","jetpack_seo_noindex":false,"_jetpack_memberships_contains_paid_content":false,"footnotes":"","jetpack_publicize_message":"","jetpack_publicize_feature_enabled":true,"jetpack_social_post_already_shared":true,"jetpack_social_options":{"image_generator_settings":{"template":"highway","enabled":false},"version":2}},"categories":[117,251],"tags":[8,7,32],"class_list":["post-6627","post","type-post","status-publish","format-standard","has-post-thumbnail","hentry","category-celebracion","category-webdealta","tag-altagraciadeorituco","tag-guarico","tag-webdealta",""],"jetpack_publicize_connections":[],"jetpack_featured_media_url":"https:\/\/webdealta.info\/wp-content\/uploads\/2023\/03\/webdealta-spindrome.png","jetpack_sharing_enabled":true,"jetpack_likes_enabled":true,"jetpack-related-posts":[],"jetpack_shortlink":"https:\/\/wp.me\/pcseDn-1IT","_links":{"self":[{"href":"https:\/\/webdealta.info\/index.php?rest_route=\/wp\/v2\/posts\/6627","targetHints":{"allow":["GET"]}}],"collection":[{"href":"https:\/\/webdealta.info\/index.php?rest_route=\/wp\/v2\/posts"}],"about":[{"href":"https:\/\/webdealta.info\/index.php?rest_route=\/wp\/v2\/types\/post"}],"author":[{"embeddable":true,"href":"https:\/\/webdealta.info\/index.php?rest_route=\/wp\/v2\/users\/2"}],"replies":[{"embeddable":true,"href":"https:\/\/webdealta.info\/index.php?rest_route=%2Fwp%2Fv2%2Fcomments&post=6627"}],"version-history":[{"count":1,"href":"https:\/\/webdealta.info\/index.php?rest_route=\/wp\/v2\/posts\/6627\/revisions"}],"predecessor-version":[{"id":6629,"href":"https:\/\/webdealta.info\/index.php?rest_route=\/wp\/v2\/posts\/6627\/revisions\/6629"}],"wp:featuredmedia":[{"embeddable":true,"href":"https:\/\/webdealta.info\/index.php?rest_route=\/wp\/v2\/media\/6628"}],"wp:attachment":[{"href":"https:\/\/webdealta.info\/index.php?rest_route=%2Fwp%2Fv2%2Fmedia&parent=6627"}],"wp:term":[{"taxonomy":"category","embeddable":true,"href":"https:\/\/webdealta.info\/index.php?rest_route=%2Fwp%2Fv2%2Fcategories&post=6627"},{"taxonomy":"post_tag","embeddable":true,"href":"https:\/\/webdealta.info\/index.php?rest_route=%2Fwp%2Fv2%2Ftags&post=6627"}],"curies":[{"name":"wp","href":"https:\/\/api.w.org\/{rel}","templated":true}]}}