{"id":6618,"date":"2023-03-20T22:05:02","date_gmt":"2023-03-21T02:05:02","guid":{"rendered":"https:\/\/webdealta.info\/?p=6618"},"modified":"2023-03-20T22:05:03","modified_gmt":"2023-03-21T02:05:03","slug":"parroquia-san-jose-obrero-emprendio-campana-tras-suicidio-de-dos-jovenes","status":"publish","type":"post","link":"https:\/\/webdealta.info\/?p=6618","title":{"rendered":"Parroquia San Jos\u00e9 Obrero emprendi\u00f3 campa\u00f1a tras suicidio de dos j\u00f3venes"},"content":{"rendered":"\n<p>Amanda Saldivia.-<\/p>\n\n\n\n<p>Una campa\u00f1a para sensibilizar sobre el riesgo de la depresi\u00f3n, especialmente en adolescentes, emprendi\u00f3 la parroquia San Jos\u00e9 Obrero, ante los dos suicidios registrados en las \u00faltimas horas en Altagracia de Orituco, Gu\u00e1rico.<\/p>\n\n\n\n<p>Un joven de 21 a\u00f1os se quit\u00f3 la vida y horas m\u00e1s tarde un adolescente de 13 a\u00f1os de edad, situaci\u00f3n que motivo el accionar del padre Luis M\u00e1rquez, gu\u00eda espiritual de esa parroquia, quien junto al equipo pastoral emprendi\u00f3 una campa\u00f1a que invita a compartir la imagen que se muestra en esta nota de prensa.<\/p>\n\n\n\n<p>Ese es el primero paso de la campa\u00f1a, la cual estuvo acompa\u00f1ada por el siguiente mensaje: \u201cHermanos, les invito a apoyar esta campa\u00f1a que hemos querido emprender contra el suicidio. Con solo publicar en sus redes el contenido que iremos compartiendo estar\u00e1s aportando un granito de arena. La Campa\u00f1a llevar\u00e1 por nombre: CRISTO EST\u00c1 VIVO Y TE QUIERE VIVO, y estaremos utilizando el slogan \u00abYo, Te Quiero Vivo\u00bb. Esto, con el \u00e1nimo de impulsar la cultura de la prevenci\u00f3n, la sanidad mental, espiritual y corporal\u201d.<\/p>\n\n\n\n<p>Trascendi\u00f3 por v\u00eda de Miguel Aular, miembro de la Pastoral de la Iglesia San Jos\u00e9 Obrero, que habr\u00e1 encuentros para coordinar otras acciones y con ello sembrar la cultura de la prevenci\u00f3n.<\/p>\n\n\n\n<p>@amandasaldivia  <\/p>\n\n\n\n<p><\/p>\n","protected":false},"excerpt":{"rendered":"<p>Amanda Saldivia.- Una campa\u00f1a para sensibilizar sobre el riesgo de la depresi\u00f3n, especialmente en adolescentes, emprendi\u00f3 la parroquia San Jos\u00e9 Obrero, ante los dos suicidios registrados en las \u00faltimas horas en Altagracia de Orituco, Gu\u00e1rico. Un joven de 21 a\u00f1os se quit\u00f3 la vida y horas m\u00e1s tarde un adolescente<\/p>\n","protected":false},"author":2,"featured_media":6619,"comment_status":"open","ping_status":"open","sticky":false,"template":"","format":"standard","meta":{"advanced_seo_description":"","jetpack_seo_html_title":"","jetpack_seo_noindex":false,"_jetpack_memberships_contains_paid_content":false,"footnotes":"","jetpack_publicize_message":"","jetpack_publicize_feature_enabled":true,"jetpack_social_post_already_shared":true,"jetpack_social_options":{"image_generator_settings":{"template":"highway","enabled":false},"version":2}},"categories":[135,251],"tags":[8,7,32],"class_list":["post-6618","post","type-post","status-publish","format-standard","has-post-thumbnail","hentry","category-prevencion","category-webdealta","tag-altagraciadeorituco","tag-guarico","tag-webdealta",""],"jetpack_publicize_connections":[],"jetpack_featured_media_url":"https:\/\/webdealta.info\/wp-content\/uploads\/2023\/03\/campana-padre-Luis-webdealta.png","jetpack_sharing_enabled":true,"jetpack_likes_enabled":true,"jetpack-related-posts":[],"jetpack_shortlink":"https:\/\/wp.me\/pcseDn-1IK","_links":{"self":[{"href":"https:\/\/webdealta.info\/index.php?rest_route=\/wp\/v2\/posts\/6618","targetHints":{"allow":["GET"]}}],"collection":[{"href":"https:\/\/webdealta.info\/index.php?rest_route=\/wp\/v2\/posts"}],"about":[{"href":"https:\/\/webdealta.info\/index.php?rest_route=\/wp\/v2\/types\/post"}],"author":[{"embeddable":true,"href":"https:\/\/webdealta.info\/index.php?rest_route=\/wp\/v2\/users\/2"}],"replies":[{"embeddable":true,"href":"https:\/\/webdealta.info\/index.php?rest_route=%2Fwp%2Fv2%2Fcomments&post=6618"}],"version-history":[{"count":1,"href":"https:\/\/webdealta.info\/index.php?rest_route=\/wp\/v2\/posts\/6618\/revisions"}],"predecessor-version":[{"id":6620,"href":"https:\/\/webdealta.info\/index.php?rest_route=\/wp\/v2\/posts\/6618\/revisions\/6620"}],"wp:featuredmedia":[{"embeddable":true,"href":"https:\/\/webdealta.info\/index.php?rest_route=\/wp\/v2\/media\/6619"}],"wp:attachment":[{"href":"https:\/\/webdealta.info\/index.php?rest_route=%2Fwp%2Fv2%2Fmedia&parent=6618"}],"wp:term":[{"taxonomy":"category","embeddable":true,"href":"https:\/\/webdealta.info\/index.php?rest_route=%2Fwp%2Fv2%2Fcategories&post=6618"},{"taxonomy":"post_tag","embeddable":true,"href":"https:\/\/webdealta.info\/index.php?rest_route=%2Fwp%2Fv2%2Ftags&post=6618"}],"curies":[{"name":"wp","href":"https:\/\/api.w.org\/{rel}","templated":true}]}}