{"id":6610,"date":"2023-03-20T20:36:37","date_gmt":"2023-03-21T00:36:37","guid":{"rendered":"https:\/\/webdealta.info\/?p=6610"},"modified":"2023-03-20T20:37:10","modified_gmt":"2023-03-21T00:37:10","slug":"con-cacerolazo-gremio-educativo-protesto-este-lunes","status":"publish","type":"post","link":"https:\/\/webdealta.info\/?p=6610","title":{"rendered":"Con cacerolazo gremio educativo protest\u00f3 este lunes"},"content":{"rendered":"\n<p>Amanda Saldivia.-<\/p>\n\n\n\n<p>Con un cacerolazo el gremio educativo del municipio Monagas protest\u00f3, este lunes 20 de marzo, en la llamada Esquina Caliente de Altagracia de Orituco, lugar donde se reunieron dirigentes sindicales, docentes, personal administrativo y ambientalistas.<\/p>\n\n\n\n<p>El sentimiento es de resistencia, porque la protesta no ha cesado desde que se inici\u00f3 el a\u00f1o 2023, pero sin respuesta positiva por parte del Ministerio de Educaci\u00f3n, tan solo los llamados de la titular de ese despacho Yelitze Santaella, quien ha insistido en que no hay recursos y que debe privar el derecho de los estudiantes.<\/p>\n\n\n\n<p>Sin embargo, la protesta persiste en la mayor\u00eda de los estados del pa\u00eds, con presencia en manifestaciones, as\u00ed como tambi\u00e9n con jornadas acad\u00e9micas limitadas, es decir clases entre dos a tres d\u00edas por semana, gracias a los acuerdos alcanzados en las asambleas celebradas con la presencia de los padres y representantes.<\/p>\n\n\n\n<p>@amandasaldivia    <\/p>\n\n\n\n<p><\/p>\n","protected":false},"excerpt":{"rendered":"<p>Amanda Saldivia.- Con un cacerolazo el gremio educativo del municipio Monagas protest\u00f3, este lunes 20 de marzo, en la llamada Esquina Caliente de Altagracia de Orituco, lugar donde se reunieron dirigentes sindicales, docentes, personal administrativo y ambientalistas. El sentimiento es de resistencia, porque la protesta no ha cesado desde que<\/p>\n","protected":false},"author":2,"featured_media":6611,"comment_status":"open","ping_status":"open","sticky":false,"template":"","format":"standard","meta":{"advanced_seo_description":"","jetpack_seo_html_title":"","jetpack_seo_noindex":false,"_jetpack_memberships_contains_paid_content":false,"footnotes":"","jetpack_publicize_message":"","jetpack_publicize_feature_enabled":true,"jetpack_social_post_already_shared":true,"jetpack_social_options":{"image_generator_settings":{"template":"highway","enabled":false},"version":2}},"categories":[14,251],"tags":[8,7,32],"class_list":["post-6610","post","type-post","status-publish","format-standard","has-post-thumbnail","hentry","category-protesta","category-webdealta","tag-altagraciadeorituco","tag-guarico","tag-webdealta",""],"jetpack_publicize_connections":[],"jetpack_featured_media_url":"https:\/\/webdealta.info\/wp-content\/uploads\/2023\/03\/webdealta-gremio-educacion.png","jetpack_sharing_enabled":true,"jetpack_likes_enabled":true,"jetpack-related-posts":[],"jetpack_shortlink":"https:\/\/wp.me\/pcseDn-1IC","_links":{"self":[{"href":"https:\/\/webdealta.info\/index.php?rest_route=\/wp\/v2\/posts\/6610","targetHints":{"allow":["GET"]}}],"collection":[{"href":"https:\/\/webdealta.info\/index.php?rest_route=\/wp\/v2\/posts"}],"about":[{"href":"https:\/\/webdealta.info\/index.php?rest_route=\/wp\/v2\/types\/post"}],"author":[{"embeddable":true,"href":"https:\/\/webdealta.info\/index.php?rest_route=\/wp\/v2\/users\/2"}],"replies":[{"embeddable":true,"href":"https:\/\/webdealta.info\/index.php?rest_route=%2Fwp%2Fv2%2Fcomments&post=6610"}],"version-history":[{"count":1,"href":"https:\/\/webdealta.info\/index.php?rest_route=\/wp\/v2\/posts\/6610\/revisions"}],"predecessor-version":[{"id":6612,"href":"https:\/\/webdealta.info\/index.php?rest_route=\/wp\/v2\/posts\/6610\/revisions\/6612"}],"wp:featuredmedia":[{"embeddable":true,"href":"https:\/\/webdealta.info\/index.php?rest_route=\/wp\/v2\/media\/6611"}],"wp:attachment":[{"href":"https:\/\/webdealta.info\/index.php?rest_route=%2Fwp%2Fv2%2Fmedia&parent=6610"}],"wp:term":[{"taxonomy":"category","embeddable":true,"href":"https:\/\/webdealta.info\/index.php?rest_route=%2Fwp%2Fv2%2Fcategories&post=6610"},{"taxonomy":"post_tag","embeddable":true,"href":"https:\/\/webdealta.info\/index.php?rest_route=%2Fwp%2Fv2%2Ftags&post=6610"}],"curies":[{"name":"wp","href":"https:\/\/api.w.org\/{rel}","templated":true}]}}