{"id":6601,"date":"2023-03-16T21:19:01","date_gmt":"2023-03-17T01:19:01","guid":{"rendered":"https:\/\/webdealta.info\/?p=6601"},"modified":"2023-03-16T21:19:03","modified_gmt":"2023-03-17T01:19:03","slug":"ipr-el-macaro-altagracia-y-camejo-unidos-en-jornada-medica","status":"publish","type":"post","link":"https:\/\/webdealta.info\/?p=6601","title":{"rendered":"IPR El M\u00e1caro Altagracia y Camejo unidos en Jornada M\u00e9dica"},"content":{"rendered":"\n<p>Amanda Saldivia.-<\/p>\n\n\n\n<p>Un aproximado de 250 pacientes fueron atendidos en la Jornada M\u00e9dico Asistencial organizada por el IPR El M\u00e1caro de Altagracia de Orituco, la cual estuvo dirigida a los estudiantes y al personal, as\u00ed como tambi\u00e9n a los trabajadores de la escuela b\u00e1sica Jos\u00e9 Ram\u00f3n Camejo, instituci\u00f3n donde funciona la sede de esa universidad.<\/p>\n\n\n\n<p>La informaci\u00f3n la dio a conocer la profesora Leyna Tovar, coordinadora local del Centro de Atenci\u00f3n Altagracia y subdirectora nacional de docencia de la Upel El M\u00e1caro, al presentar el balance de los pacientes atendidos en las distintas especialidades, entre ellas odontolog\u00eda, oftalmolog\u00eda, fisioterapia, podolog\u00eda, medicina general, gastroenterolog\u00eda y laboratorio.<\/p>\n\n\n\n<p>Aprovech\u00f3 la ocasi\u00f3n para resaltar la labor de los profesionales de la salud del CDI El Diamante, porque gracias a ellos se realiz\u00f3 la exitosa jornada en la ma\u00f1ana de este jueves 16 de marzo.<\/p>\n\n\n\n<p>Por su parte, el profesor Javier P\u00e9rez, director de la escuela b\u00e1sica Jos\u00e9 Ram\u00f3n Camejo, se mostr\u00f3 complacido con el trabajo en equipo que permiti\u00f3 que, a parte del personal del IPR El M\u00e1caro y los estudiantes de esa universidad, tambi\u00e9n fueran atendidos 92 trabajadores de la instituci\u00f3n que dirige.<\/p>\n\n\n\n<p>Igualmente, agradeci\u00f3 al equipo del CDI por la Jornada M\u00e9dico Asistencial, que marca una excelente alianza institucional.<\/p>\n\n\n\n<p>@amandasaldivia   <\/p>\n\n\n\n<p><\/p>\n","protected":false},"excerpt":{"rendered":"<p>Amanda Saldivia.- Un aproximado de 250 pacientes fueron atendidos en la Jornada M\u00e9dico Asistencial organizada por el IPR El M\u00e1caro de Altagracia de Orituco, la cual estuvo dirigida a los estudiantes y al personal, as\u00ed como tambi\u00e9n a los trabajadores de la escuela b\u00e1sica Jos\u00e9 Ram\u00f3n Camejo, instituci\u00f3n donde funciona<\/p>\n","protected":false},"author":2,"featured_media":6602,"comment_status":"open","ping_status":"open","sticky":false,"template":"","format":"standard","meta":{"advanced_seo_description":"","jetpack_seo_html_title":"","jetpack_seo_noindex":false,"_jetpack_memberships_contains_paid_content":false,"footnotes":"","jetpack_publicize_message":"","jetpack_publicize_feature_enabled":true,"jetpack_social_post_already_shared":true,"jetpack_social_options":{"image_generator_settings":{"template":"highway","enabled":false},"version":2}},"categories":[12,251],"tags":[8,7,32],"class_list":["post-6601","post","type-post","status-publish","format-standard","has-post-thumbnail","hentry","category-salud","category-webdealta","tag-altagraciadeorituco","tag-guarico","tag-webdealta",""],"jetpack_publicize_connections":[],"jetpack_featured_media_url":"https:\/\/webdealta.info\/wp-content\/uploads\/2023\/03\/jornada-upel-webdealta.png","jetpack_sharing_enabled":true,"jetpack_likes_enabled":true,"jetpack-related-posts":[],"jetpack_shortlink":"https:\/\/wp.me\/pcseDn-1It","_links":{"self":[{"href":"https:\/\/webdealta.info\/index.php?rest_route=\/wp\/v2\/posts\/6601","targetHints":{"allow":["GET"]}}],"collection":[{"href":"https:\/\/webdealta.info\/index.php?rest_route=\/wp\/v2\/posts"}],"about":[{"href":"https:\/\/webdealta.info\/index.php?rest_route=\/wp\/v2\/types\/post"}],"author":[{"embeddable":true,"href":"https:\/\/webdealta.info\/index.php?rest_route=\/wp\/v2\/users\/2"}],"replies":[{"embeddable":true,"href":"https:\/\/webdealta.info\/index.php?rest_route=%2Fwp%2Fv2%2Fcomments&post=6601"}],"version-history":[{"count":1,"href":"https:\/\/webdealta.info\/index.php?rest_route=\/wp\/v2\/posts\/6601\/revisions"}],"predecessor-version":[{"id":6603,"href":"https:\/\/webdealta.info\/index.php?rest_route=\/wp\/v2\/posts\/6601\/revisions\/6603"}],"wp:featuredmedia":[{"embeddable":true,"href":"https:\/\/webdealta.info\/index.php?rest_route=\/wp\/v2\/media\/6602"}],"wp:attachment":[{"href":"https:\/\/webdealta.info\/index.php?rest_route=%2Fwp%2Fv2%2Fmedia&parent=6601"}],"wp:term":[{"taxonomy":"category","embeddable":true,"href":"https:\/\/webdealta.info\/index.php?rest_route=%2Fwp%2Fv2%2Fcategories&post=6601"},{"taxonomy":"post_tag","embeddable":true,"href":"https:\/\/webdealta.info\/index.php?rest_route=%2Fwp%2Fv2%2Ftags&post=6601"}],"curies":[{"name":"wp","href":"https:\/\/api.w.org\/{rel}","templated":true}]}}