{"id":6596,"date":"2023-03-16T20:46:49","date_gmt":"2023-03-17T00:46:49","guid":{"rendered":"https:\/\/webdealta.info\/?p=6596"},"modified":"2023-03-16T20:48:16","modified_gmt":"2023-03-17T00:48:16","slug":"por-alerta-epidemiologica-instan-a-vacunarse-contra-la-difteria","status":"publish","type":"post","link":"https:\/\/webdealta.info\/?p=6596","title":{"rendered":"Por alerta epidemiol\u00f3gica instan a vacunarse contra la difteria"},"content":{"rendered":"\n<p>Amanda Saldivia.-<\/p>\n\n\n\n<p>La Dra. Maigualida Ram\u00edrez, Epidemi\u00f3logo del \u00c1rea de Salud Integral Comunitaria (ASIC), municipio Monagas, Gu\u00e1rico, inst\u00f3 a la poblaci\u00f3n a vacunarse contra la difteria, ante la alerta nacional por los casos de esta enfermedad registrados en el estado Bol\u00edvar.<\/p>\n\n\n\n<p>&nbsp;\u201cQueremos comunicar a la poblaci\u00f3n la necesidad de continuar en la jornada de vacunaci\u00f3n, donde alcanzaremos a los ni\u00f1os menores de cinco a\u00f1os y a la poblaci\u00f3n de todas las edades, espec\u00edficamente el llamado es para aplicar la vacuna toxoide dift\u00e9rica que tiene la finalidad, no solo de protegernos contra el t\u00e9tano, sino contra la difteria, una enfermedad que est\u00e1 emergente en la actualidad\u201d, declar\u00f3 la epidemi\u00f3logo en horas de la ma\u00f1ana de este jueves 16 de marzo.<\/p>\n\n\n\n<p>Sobre la alerta declarada, la Dra. Ram\u00edrez precis\u00f3 que desde el 25 de febrero de este a\u00f1o se activ\u00f3 el cerco epidemiol\u00f3gico en el estado Bol\u00edvar para frenar la expansi\u00f3n de la difteria, lo que implica acciones en el resto de la regi\u00f3n, entre ellas la vacunaci\u00f3n y la vigilancia de las infecciones respiratorias agudas.<\/p>\n\n\n\n<p>En cuanto a los s\u00edntomas dijo que se \u201ccaracterizada por una fiebre baja, dolor de garganta y en lo sucesivo puede causar obstrucci\u00f3n en las v\u00edas respiratoria superiores por una seudo membrana que se formar\u00eda a&nbsp; nivel de las am\u00edgdalas, estos trae como consecuencia, inflaci\u00f3n a nivel del cuello, trae complicaciones a los pacientes, porque el paciente tendr\u00e1 dificultades para deglutir y respirar\u201d.<\/p>\n\n\n\n<p>Las declaraciones, las ofreci\u00f3 en compa\u00f1\u00eda del equipo de la ASIC del municipio Monagas.<\/p>\n\n\n\n<p>@amandasaldivia   <\/p>\n\n\n\n<p><\/p>\n","protected":false},"excerpt":{"rendered":"<p>Amanda Saldivia.- La Dra. Maigualida Ram\u00edrez, Epidemi\u00f3logo del \u00c1rea de Salud Integral Comunitaria (ASIC), municipio Monagas, Gu\u00e1rico, inst\u00f3 a la poblaci\u00f3n a vacunarse contra la difteria, ante la alerta nacional por los casos de esta enfermedad registrados en el estado Bol\u00edvar. &nbsp;\u201cQueremos comunicar a la poblaci\u00f3n la necesidad de continuar<\/p>\n","protected":false},"author":2,"featured_media":6597,"comment_status":"open","ping_status":"open","sticky":false,"template":"","format":"standard","meta":{"advanced_seo_description":"","jetpack_seo_html_title":"","jetpack_seo_noindex":false,"_jetpack_memberships_contains_paid_content":false,"footnotes":"","jetpack_publicize_message":"","jetpack_publicize_feature_enabled":true,"jetpack_social_post_already_shared":true,"jetpack_social_options":{"image_generator_settings":{"template":"highway","enabled":false},"version":2}},"categories":[12,251],"tags":[8,7,32],"class_list":["post-6596","post","type-post","status-publish","format-standard","has-post-thumbnail","hentry","category-salud","category-webdealta","tag-altagraciadeorituco","tag-guarico","tag-webdealta",""],"jetpack_publicize_connections":[],"jetpack_featured_media_url":"https:\/\/webdealta.info\/wp-content\/uploads\/2023\/03\/difteria-webdealta-dra.-maigualidad-ramirez.png","jetpack_sharing_enabled":true,"jetpack_likes_enabled":true,"jetpack-related-posts":[],"jetpack_shortlink":"https:\/\/wp.me\/pcseDn-1Io","_links":{"self":[{"href":"https:\/\/webdealta.info\/index.php?rest_route=\/wp\/v2\/posts\/6596","targetHints":{"allow":["GET"]}}],"collection":[{"href":"https:\/\/webdealta.info\/index.php?rest_route=\/wp\/v2\/posts"}],"about":[{"href":"https:\/\/webdealta.info\/index.php?rest_route=\/wp\/v2\/types\/post"}],"author":[{"embeddable":true,"href":"https:\/\/webdealta.info\/index.php?rest_route=\/wp\/v2\/users\/2"}],"replies":[{"embeddable":true,"href":"https:\/\/webdealta.info\/index.php?rest_route=%2Fwp%2Fv2%2Fcomments&post=6596"}],"version-history":[{"count":2,"href":"https:\/\/webdealta.info\/index.php?rest_route=\/wp\/v2\/posts\/6596\/revisions"}],"predecessor-version":[{"id":6599,"href":"https:\/\/webdealta.info\/index.php?rest_route=\/wp\/v2\/posts\/6596\/revisions\/6599"}],"wp:featuredmedia":[{"embeddable":true,"href":"https:\/\/webdealta.info\/index.php?rest_route=\/wp\/v2\/media\/6597"}],"wp:attachment":[{"href":"https:\/\/webdealta.info\/index.php?rest_route=%2Fwp%2Fv2%2Fmedia&parent=6596"}],"wp:term":[{"taxonomy":"category","embeddable":true,"href":"https:\/\/webdealta.info\/index.php?rest_route=%2Fwp%2Fv2%2Fcategories&post=6596"},{"taxonomy":"post_tag","embeddable":true,"href":"https:\/\/webdealta.info\/index.php?rest_route=%2Fwp%2Fv2%2Ftags&post=6596"}],"curies":[{"name":"wp","href":"https:\/\/api.w.org\/{rel}","templated":true}]}}