{"id":6592,"date":"2023-03-16T19:57:35","date_gmt":"2023-03-16T23:57:35","guid":{"rendered":"https:\/\/webdealta.info\/?p=6592"},"modified":"2023-03-16T19:57:36","modified_gmt":"2023-03-16T23:57:36","slug":"perdida-total-de-vehiculo-tras-siniestro-en-la-troncal-11","status":"publish","type":"post","link":"https:\/\/webdealta.info\/?p=6592","title":{"rendered":"P\u00e9rdida total de veh\u00edculo tras siniestro en la troncal 11"},"content":{"rendered":"\n<p>Amanda Saldivia.-<\/p>\n\n\n\n<p>Una camioneta marca Chevrolet, color blanco, se sali\u00f3 de la v\u00eda y posteriormente se incendi\u00f3 en la troncal 11, luego de pasar la poblaci\u00f3n de San Rafael de Orituco, hecho registrado en la ma\u00f1ana de este jueves 16 de marzo.<\/p>\n\n\n\n<p>De acuerdo a los datos aportados por el servicio de Tr\u00e1nsito Terrestre de la Polic\u00eda Nacional Bolivariana de Altagracia de Orituco, el siniestro se produjo por un desperfecto mec\u00e1nico y luego un cortocircuito que trajo como consecuencia la p\u00e9rdida total del veh\u00edculo, sin lesiones para el conductor y el acompa\u00f1ante.<\/p>\n\n\n\n<p>La unidad transportaba cilindros de ox\u00edgeno vac\u00edos, los cuales iban a recargar en San Juan de los Morros.<\/p>\n\n\n\n<p>@amandasaldivia &nbsp;<\/p>\n","protected":false},"excerpt":{"rendered":"<p>Amanda Saldivia.- Una camioneta marca Chevrolet, color blanco, se sali\u00f3 de la v\u00eda y posteriormente se incendi\u00f3 en la troncal 11, luego de pasar la poblaci\u00f3n de San Rafael de Orituco, hecho registrado en la ma\u00f1ana de este jueves 16 de marzo. De acuerdo a los datos aportados por el<\/p>\n","protected":false},"author":2,"featured_media":6593,"comment_status":"open","ping_status":"open","sticky":false,"template":"","format":"standard","meta":{"advanced_seo_description":"","jetpack_seo_html_title":"","jetpack_seo_noindex":false,"_jetpack_memberships_contains_paid_content":false,"footnotes":"","jetpack_publicize_message":"","jetpack_publicize_feature_enabled":true,"jetpack_social_post_already_shared":true,"jetpack_social_options":{"image_generator_settings":{"template":"highway","enabled":false},"version":2}},"categories":[234,251],"tags":[8,7,32],"class_list":["post-6592","post","type-post","status-publish","format-standard","has-post-thumbnail","hentry","category-sucesos","category-webdealta","tag-altagraciadeorituco","tag-guarico","tag-webdealta",""],"jetpack_publicize_connections":[],"jetpack_featured_media_url":"https:\/\/webdealta.info\/wp-content\/uploads\/2023\/03\/transito-webdealta-incendio.png","jetpack_sharing_enabled":true,"jetpack_likes_enabled":true,"jetpack-related-posts":[],"jetpack_shortlink":"https:\/\/wp.me\/pcseDn-1Ik","_links":{"self":[{"href":"https:\/\/webdealta.info\/index.php?rest_route=\/wp\/v2\/posts\/6592","targetHints":{"allow":["GET"]}}],"collection":[{"href":"https:\/\/webdealta.info\/index.php?rest_route=\/wp\/v2\/posts"}],"about":[{"href":"https:\/\/webdealta.info\/index.php?rest_route=\/wp\/v2\/types\/post"}],"author":[{"embeddable":true,"href":"https:\/\/webdealta.info\/index.php?rest_route=\/wp\/v2\/users\/2"}],"replies":[{"embeddable":true,"href":"https:\/\/webdealta.info\/index.php?rest_route=%2Fwp%2Fv2%2Fcomments&post=6592"}],"version-history":[{"count":1,"href":"https:\/\/webdealta.info\/index.php?rest_route=\/wp\/v2\/posts\/6592\/revisions"}],"predecessor-version":[{"id":6594,"href":"https:\/\/webdealta.info\/index.php?rest_route=\/wp\/v2\/posts\/6592\/revisions\/6594"}],"wp:featuredmedia":[{"embeddable":true,"href":"https:\/\/webdealta.info\/index.php?rest_route=\/wp\/v2\/media\/6593"}],"wp:attachment":[{"href":"https:\/\/webdealta.info\/index.php?rest_route=%2Fwp%2Fv2%2Fmedia&parent=6592"}],"wp:term":[{"taxonomy":"category","embeddable":true,"href":"https:\/\/webdealta.info\/index.php?rest_route=%2Fwp%2Fv2%2Fcategories&post=6592"},{"taxonomy":"post_tag","embeddable":true,"href":"https:\/\/webdealta.info\/index.php?rest_route=%2Fwp%2Fv2%2Ftags&post=6592"}],"curies":[{"name":"wp","href":"https:\/\/api.w.org\/{rel}","templated":true}]}}