{"id":6583,"date":"2023-03-14T20:59:06","date_gmt":"2023-03-15T00:59:06","guid":{"rendered":"https:\/\/webdealta.info\/?p=6583"},"modified":"2023-03-14T20:59:08","modified_gmt":"2023-03-15T00:59:08","slug":"comerciantes-gracitanos-rechazaron-altas-tarifas-de-hidropaez-2","status":"publish","type":"post","link":"https:\/\/webdealta.info\/?p=6583","title":{"rendered":"Comerciantes gracitanos rechazaron altas tarifas de Hidrop\u00e1ez"},"content":{"rendered":"\n<p>Amanda Saldivia.-<\/p>\n\n\n\n<p>Con la entrega de comunicaciones en la alcald\u00eda, Concejo Municipal, Sundde y la oficina de Hidrop\u00e1ez en Altagracia de Orituco, el gremio de comerciantes del municipio Monagas se declar\u00f3 en alerta, este martes 14 de marzo, en rechazo a las tarifas que aplica la hidrol\u00f3gica en esta regi\u00f3n guarique\u00f1a, cuyos montos, en algunos casos, superan los 2 mil d\u00f3lares mensuales.<\/p>\n\n\n\n<p>El siguiente paso, de acuerdo a lo expresado por Pablo Rojas, presidente de la C\u00e1mara de Comercio, ser\u00e1 el traslado de una comisi\u00f3n hasta la oficina regional de Hidrop\u00e1ez, acompa\u00f1ados por representantes del gremio de Calabozo, Valle de la Pascua y San Juan de los Morros, porque una situaci\u00f3n similar se presenta en esas localidades de Gu\u00e1rico.<\/p>\n\n\n\n<p>La protesta pac\u00edfica, parti\u00f3 a las nueve de la ma\u00f1ana e hizo su primera parada en la alcald\u00eda del municipio Monagas, donde copia de la misiva dirigida al presidente de Hidrop\u00e1ez fue recibida por Luis Del Corral, director general de esa dependencia, quien explic\u00f3 que el alcalde Pedro Sol\u00f3rzano no se encontraba en Altagracia, pero estaba al tanto de las acciones emprendidas por los comerciantes locales.<\/p>\n\n\n\n<p>Posteriormente, otra copia fue entregada a Rulis Coronado, representante de la SUNDDE, as\u00ed como tambi\u00e9n al concejal Julio Silvera, presidente del Concejo Municipal, para cerrar el recorrido en la oficina de Hidrop\u00e1ez, donde se ratific\u00f3 que la intenci\u00f3n es que el presidente de esa empresa p\u00fablica se traslade a Altagracia para que sostenga un encuentro con los comerciantes y se aclare c\u00f3mo realizan el c\u00e1lculo del agua que consumen en los establecimientos.<\/p>\n\n\n\n<p>Pablo Rojas, al culminar el recorrido, dijo que se cumplieron los acuerdos alcanzados en la asamblea celebrada en la sede de la C\u00e1mara de Comercio, donde se plante\u00f3 la necesidad de hacer una manifestaci\u00f3n de calle para solicitar que se cobre lo justo, es decir que exista un medidor que cuantifique el agua consumida, que se vele por la calidad del servicio y que exista una verdadera respuesta de la gerencia de la hidrol\u00f3gica.<\/p>\n\n\n\n<p>Entre los testimonios, destac\u00f3 el expresado por \u00c1ngel Polachini, asesor de seguros, cuyo recibo estipula que consumen 100 mil litros de agua al mes en la oficina, eso seg\u00fan el \u00faltimo cobro emitido por Hidrop\u00e1ez.<\/p>\n\n\n\n<p>Fue justamente \u00e9l, quien ley\u00f3 la misiva frente a la alcald\u00eda del municipio Monagas, como parte de lo contemplado en el programa que coordin\u00f3 la C\u00e1mara de Comercio, a solicitud de sus agremiados y de otros afectados por las altas tarifas.<\/p>\n\n\n\n<p>En todo momento, se dej\u00f3 claro que la intenci\u00f3n no es dejar de pagar el servicio, si no es este sea acorde al consumo de cada establecimiento. &nbsp;<\/p>\n\n\n\n<p>@amandasaldivia   <\/p>\n\n\n\n<p><\/p>\n","protected":false},"excerpt":{"rendered":"<p>Amanda Saldivia.- Con la entrega de comunicaciones en la alcald\u00eda, Concejo Municipal, Sundde y la oficina de Hidrop\u00e1ez en Altagracia de Orituco, el gremio de comerciantes del municipio Monagas se declar\u00f3 en alerta, este martes 14 de marzo, en rechazo a las tarifas que aplica la hidrol\u00f3gica en esta regi\u00f3n<\/p>\n","protected":false},"author":2,"featured_media":6584,"comment_status":"open","ping_status":"open","sticky":false,"template":"","format":"standard","meta":{"advanced_seo_description":"","jetpack_seo_html_title":"","jetpack_seo_noindex":false,"_jetpack_memberships_contains_paid_content":false,"footnotes":"","jetpack_publicize_message":"","jetpack_publicize_feature_enabled":true,"jetpack_social_post_already_shared":true,"jetpack_social_options":{"image_generator_settings":{"template":"highway","enabled":false},"version":2}},"categories":[14,251],"tags":[8,7,32],"class_list":["post-6583","post","type-post","status-publish","format-standard","has-post-thumbnail","hentry","category-protesta","category-webdealta","tag-altagraciadeorituco","tag-guarico","tag-webdealta",""],"jetpack_publicize_connections":[],"jetpack_featured_media_url":"https:\/\/webdealta.info\/wp-content\/uploads\/2023\/03\/webdealta-protesta-comerciantes.png","jetpack_sharing_enabled":true,"jetpack_likes_enabled":true,"jetpack-related-posts":[],"jetpack_shortlink":"https:\/\/wp.me\/pcseDn-1Ib","_links":{"self":[{"href":"https:\/\/webdealta.info\/index.php?rest_route=\/wp\/v2\/posts\/6583","targetHints":{"allow":["GET"]}}],"collection":[{"href":"https:\/\/webdealta.info\/index.php?rest_route=\/wp\/v2\/posts"}],"about":[{"href":"https:\/\/webdealta.info\/index.php?rest_route=\/wp\/v2\/types\/post"}],"author":[{"embeddable":true,"href":"https:\/\/webdealta.info\/index.php?rest_route=\/wp\/v2\/users\/2"}],"replies":[{"embeddable":true,"href":"https:\/\/webdealta.info\/index.php?rest_route=%2Fwp%2Fv2%2Fcomments&post=6583"}],"version-history":[{"count":1,"href":"https:\/\/webdealta.info\/index.php?rest_route=\/wp\/v2\/posts\/6583\/revisions"}],"predecessor-version":[{"id":6585,"href":"https:\/\/webdealta.info\/index.php?rest_route=\/wp\/v2\/posts\/6583\/revisions\/6585"}],"wp:featuredmedia":[{"embeddable":true,"href":"https:\/\/webdealta.info\/index.php?rest_route=\/wp\/v2\/media\/6584"}],"wp:attachment":[{"href":"https:\/\/webdealta.info\/index.php?rest_route=%2Fwp%2Fv2%2Fmedia&parent=6583"}],"wp:term":[{"taxonomy":"category","embeddable":true,"href":"https:\/\/webdealta.info\/index.php?rest_route=%2Fwp%2Fv2%2Fcategories&post=6583"},{"taxonomy":"post_tag","embeddable":true,"href":"https:\/\/webdealta.info\/index.php?rest_route=%2Fwp%2Fv2%2Ftags&post=6583"}],"curies":[{"name":"wp","href":"https:\/\/api.w.org\/{rel}","templated":true}]}}