{"id":6575,"date":"2023-03-12T11:41:30","date_gmt":"2023-03-12T15:41:30","guid":{"rendered":"https:\/\/webdealta.info\/?p=6575"},"modified":"2023-03-12T11:41:31","modified_gmt":"2023-03-12T15:41:31","slug":"sigue-la-tala-indiscriminada-en-zona-norte-de-el-diamante","status":"publish","type":"post","link":"https:\/\/webdealta.info\/?p=6575","title":{"rendered":"Sigue la tala indiscriminada en zona norte de El Diamante"},"content":{"rendered":"\n<p>Amanda Saldivia.-<\/p>\n\n\n\n<p>Contin\u00faa la tala indiscriminada en el \u00e1rea norte de la urbanizaci\u00f3n El Diamante de Altagracia de Orituco, considerada por a\u00f1os zona protectora, a los fines de la conservaci\u00f3n especies forestales y fauna, adem\u00e1s de ser el sitio de esparcimiento para esa comunidad, por estar ubicada la laguna Pedregal.<\/p>\n\n\n\n<p>Un grupo de vecinos, quienes prefirieron mantener sus nombres en reserva, compartieron con la Web de Altagracia fotograf\u00edas en las cuales se aprecia la tala y quema en los alrededores de la laguna, al parecer con la intenci\u00f3n de hacer potreros para el pastoreo del ganado.<\/p>\n\n\n\n<p>Para los vecinos, es importante que se mantenga como \u00e1rea com\u00fan, preservada para el disfrute de un ambiente natural, de all\u00ed que exijan a los entes competentes, entre ellos la Guardia Nacional, que frene el avance de la tala en esa \u00e1rea que es el pulm\u00f3n vegetal de la urbanizaci\u00f3n El Diamante y donde adem\u00e1s se practica el canotaje en la laguna Pedregal.<\/p>\n\n\n\n<p>@amandasaldivia  <\/p>\n\n\n\n<p><\/p>\n","protected":false},"excerpt":{"rendered":"<p>Amanda Saldivia.- Contin\u00faa la tala indiscriminada en el \u00e1rea norte de la urbanizaci\u00f3n El Diamante de Altagracia de Orituco, considerada por a\u00f1os zona protectora, a los fines de la conservaci\u00f3n especies forestales y fauna, adem\u00e1s de ser el sitio de esparcimiento para esa comunidad, por estar ubicada la laguna Pedregal.<\/p>\n","protected":false},"author":2,"featured_media":6576,"comment_status":"open","ping_status":"open","sticky":false,"template":"","format":"standard","meta":{"advanced_seo_description":"","jetpack_seo_html_title":"","jetpack_seo_noindex":false,"_jetpack_memberships_contains_paid_content":false,"footnotes":"","jetpack_publicize_message":"","jetpack_publicize_feature_enabled":true,"jetpack_social_post_already_shared":true,"jetpack_social_options":{"image_generator_settings":{"template":"highway","enabled":false},"version":2}},"categories":[197,251],"tags":[8,7,32],"class_list":["post-6575","post","type-post","status-publish","format-standard","has-post-thumbnail","hentry","category-denuncia","category-webdealta","tag-altagraciadeorituco","tag-guarico","tag-webdealta",""],"jetpack_publicize_connections":[],"jetpack_featured_media_url":"https:\/\/webdealta.info\/wp-content\/uploads\/2023\/03\/tala-El-Diamante-webdealta.png","jetpack_sharing_enabled":true,"jetpack_likes_enabled":true,"jetpack-related-posts":[],"jetpack_shortlink":"https:\/\/wp.me\/pcseDn-1I3","_links":{"self":[{"href":"https:\/\/webdealta.info\/index.php?rest_route=\/wp\/v2\/posts\/6575","targetHints":{"allow":["GET"]}}],"collection":[{"href":"https:\/\/webdealta.info\/index.php?rest_route=\/wp\/v2\/posts"}],"about":[{"href":"https:\/\/webdealta.info\/index.php?rest_route=\/wp\/v2\/types\/post"}],"author":[{"embeddable":true,"href":"https:\/\/webdealta.info\/index.php?rest_route=\/wp\/v2\/users\/2"}],"replies":[{"embeddable":true,"href":"https:\/\/webdealta.info\/index.php?rest_route=%2Fwp%2Fv2%2Fcomments&post=6575"}],"version-history":[{"count":1,"href":"https:\/\/webdealta.info\/index.php?rest_route=\/wp\/v2\/posts\/6575\/revisions"}],"predecessor-version":[{"id":6577,"href":"https:\/\/webdealta.info\/index.php?rest_route=\/wp\/v2\/posts\/6575\/revisions\/6577"}],"wp:featuredmedia":[{"embeddable":true,"href":"https:\/\/webdealta.info\/index.php?rest_route=\/wp\/v2\/media\/6576"}],"wp:attachment":[{"href":"https:\/\/webdealta.info\/index.php?rest_route=%2Fwp%2Fv2%2Fmedia&parent=6575"}],"wp:term":[{"taxonomy":"category","embeddable":true,"href":"https:\/\/webdealta.info\/index.php?rest_route=%2Fwp%2Fv2%2Fcategories&post=6575"},{"taxonomy":"post_tag","embeddable":true,"href":"https:\/\/webdealta.info\/index.php?rest_route=%2Fwp%2Fv2%2Ftags&post=6575"}],"curies":[{"name":"wp","href":"https:\/\/api.w.org\/{rel}","templated":true}]}}