{"id":657,"date":"2020-11-06T14:12:30","date_gmt":"2020-11-06T18:12:30","guid":{"rendered":"https:\/\/webdealta.info\/?p=657"},"modified":"2020-11-06T14:12:32","modified_gmt":"2020-11-06T18:12:32","slug":"acataron-la-medida","status":"publish","type":"post","link":"https:\/\/webdealta.info\/?p=657","title":{"rendered":"Acataron la medida"},"content":{"rendered":"\n<h4 class=\"wp-block-heading\">Este viernes no viajaron a Caracas las unidades de la l\u00ednea Hermanos Unidos<\/h4>\n\n\n\n<p>Amanda Saldivia<\/p>\n\n\n\n<p>La l\u00ednea Hermanos Unidos acat\u00f3 la medida de suspensi\u00f3n de viajes Altagracia \u2013 Caracas, luego de la difusi\u00f3n de un audio, a trav\u00e9s de whatsApp, en el cual aparentemente un funcionario gubernamental ordena que no se permita el traslado a la capital y que act\u00fae la Polic\u00eda Nacional Bolivariana si la disposici\u00f3n era violada por los transportistas.<\/p>\n\n\n\n<p>Es importante recordar que la l\u00ednea restableci\u00f3 el servicio de manera unilateral, luego de siete meses sin cubrir la ruta hacia Caracas y entre los argumentos estuvo la necesidad de los pasajeros a movilizarse, adem\u00e1s de los viajes que permanentemente realizaron unidades \u201cpiratas\u201d sin ning\u00fan tipo de control.<\/p>\n\n\n\n<p>En horas de la ma\u00f1ana de este viernes, las unidades se incorporaron a los traslados urbanos, pero los conductores consideran injusta la medida. Adem\u00e1s expresaron que hay pasajeros afectados, algunos de ellos varados en Caracas por esta situaci\u00f3n.<\/p>\n\n\n\n<p>@amandasaldivia<\/p>\n\n\n\n<p><\/p>\n","protected":false},"excerpt":{"rendered":"<p>Este viernes no viajaron a Caracas las unidades de la l\u00ednea Hermanos Unidos Amanda Saldivia La l\u00ednea Hermanos Unidos acat\u00f3 la medida de suspensi\u00f3n de viajes Altagracia \u2013 Caracas, luego de la difusi\u00f3n de un audio, a trav\u00e9s de whatsApp, en el cual aparentemente un funcionario gubernamental ordena que no<\/p>\n","protected":false},"author":2,"featured_media":658,"comment_status":"open","ping_status":"open","sticky":false,"template":"","format":"standard","meta":{"advanced_seo_description":"","jetpack_seo_html_title":"","jetpack_seo_noindex":false,"_jetpack_memberships_contains_paid_content":false,"footnotes":"","jetpack_publicize_message":"","jetpack_publicize_feature_enabled":true,"jetpack_social_post_already_shared":true,"jetpack_social_options":{"image_generator_settings":{"template":"highway","enabled":false},"version":2}},"categories":[13],"tags":[24,9,32],"class_list":["post-657","post","type-post","status-publish","format-standard","has-post-thumbnail","hentry","category-transporte","tag-altagracia","tag-transportepublico","tag-webdealta",""],"jetpack_publicize_connections":[],"jetpack_featured_media_url":"https:\/\/webdealta.info\/wp-content\/uploads\/2020\/11\/camioneta-2.jpeg","jetpack_sharing_enabled":true,"jetpack_likes_enabled":true,"jetpack-related-posts":[],"jetpack_shortlink":"https:\/\/wp.me\/pcseDn-aB","_links":{"self":[{"href":"https:\/\/webdealta.info\/index.php?rest_route=\/wp\/v2\/posts\/657","targetHints":{"allow":["GET"]}}],"collection":[{"href":"https:\/\/webdealta.info\/index.php?rest_route=\/wp\/v2\/posts"}],"about":[{"href":"https:\/\/webdealta.info\/index.php?rest_route=\/wp\/v2\/types\/post"}],"author":[{"embeddable":true,"href":"https:\/\/webdealta.info\/index.php?rest_route=\/wp\/v2\/users\/2"}],"replies":[{"embeddable":true,"href":"https:\/\/webdealta.info\/index.php?rest_route=%2Fwp%2Fv2%2Fcomments&post=657"}],"version-history":[{"count":1,"href":"https:\/\/webdealta.info\/index.php?rest_route=\/wp\/v2\/posts\/657\/revisions"}],"predecessor-version":[{"id":659,"href":"https:\/\/webdealta.info\/index.php?rest_route=\/wp\/v2\/posts\/657\/revisions\/659"}],"wp:featuredmedia":[{"embeddable":true,"href":"https:\/\/webdealta.info\/index.php?rest_route=\/wp\/v2\/media\/658"}],"wp:attachment":[{"href":"https:\/\/webdealta.info\/index.php?rest_route=%2Fwp%2Fv2%2Fmedia&parent=657"}],"wp:term":[{"taxonomy":"category","embeddable":true,"href":"https:\/\/webdealta.info\/index.php?rest_route=%2Fwp%2Fv2%2Fcategories&post=657"},{"taxonomy":"post_tag","embeddable":true,"href":"https:\/\/webdealta.info\/index.php?rest_route=%2Fwp%2Fv2%2Ftags&post=657"}],"curies":[{"name":"wp","href":"https:\/\/api.w.org\/{rel}","templated":true}]}}