{"id":6566,"date":"2023-03-11T10:18:15","date_gmt":"2023-03-11T14:18:15","guid":{"rendered":"https:\/\/webdealta.info\/?p=6566"},"modified":"2023-03-11T10:18:16","modified_gmt":"2023-03-11T14:18:16","slug":"dr-chacin-solo-equipamiento-le-falta-a-la-emergencia-para-su-reinauguracion","status":"publish","type":"post","link":"https:\/\/webdealta.info\/?p=6566","title":{"rendered":"Dr. Chac\u00edn: solo equipamiento le falta a la emergencia para su reinauguraci\u00f3n"},"content":{"rendered":"\n<p>Amanda Saldivia.-<\/p>\n\n\n\n<p>Aunque no hay fecha precisa, reinaugurar la sala de emergencia del hospital Dr. Jos\u00e9 Francisco Torrealba es una de las urgencias del sector salud en Altagracia de Orituco y esa fue la interrogante surgida a prop\u00f3sito de la celebraci\u00f3n del D\u00eda del M\u00e9dico, fecha en la cual hubo una Santa Misa en el auditorio de esa instituci\u00f3n.<\/p>\n\n\n\n<p>Al respecto, el equipo de la Web de Altagracia, consult\u00f3 al Dr. Lizardo Chac\u00edn, director del hospital Dr. Jos\u00e9 Francisco Torrealba, quien se\u00f1al\u00f3 que desde el punto de vista de la infraestructura la obra est\u00e1 \u201cterminada, lo que falta es equiparla con tecnolog\u00eda, monitores, yo siempre he pedido un ventilador mec\u00e1nico no invasivo que me ayudar\u00eda much\u00edsimo con aquellos pacientes que a veces salen de pabell\u00f3n con insuficiencia respiratoria aguda, eso es lo que le falta a la emergencia, estamos esperando\u201d.<\/p>\n\n\n\n<p>Sobre la reflexi\u00f3n por ser D\u00eda del M\u00e9dico, el director del hospital se\u00f1al\u00f3 que independientemente a las vicisitudes que est\u00e1n viviendo por falta de equipos m\u00e9dicos e insumos insuficientes, a \u00e9l le gusta filosofar, raz\u00f3n por la cual invoc\u00f3 a \u201cDon Miguel de Unamuno que \u00e9l dice que la fe, sobre todo la fe religiosa, la fe tiene que ir por delante para uno poder vencer y declarar enemigo a la muerte, que en este caso nosotros debemos ser enemigos de la muerte, a trav\u00e9s de nuestra pr\u00e1ctica cl\u00ednica, a trav\u00e9s de nuestro tratamiento\u201d.<\/p>\n\n\n\n<p>Las declaraciones las ofreci\u00f3 minutos antes de iniciarse la Santa Misa que ofici\u00f3 el padre Luis M\u00e1rquez en el auditorio del hospital, donde se congregaron los galenos para dar gracias a Dios y despu\u00e9s disfrutar de un agasajo cortes\u00eda de la alcald\u00eda del municipio Monagas, con la presencia de la Dra. Elsy Rodr\u00edguez, esposa del alcalde Pedro Sol\u00f3rzano.<\/p>\n\n\n\n<p>@amandasaldivia   <\/p>\n\n\n\n<p><\/p>\n","protected":false},"excerpt":{"rendered":"<p>Amanda Saldivia.- Aunque no hay fecha precisa, reinaugurar la sala de emergencia del hospital Dr. Jos\u00e9 Francisco Torrealba es una de las urgencias del sector salud en Altagracia de Orituco y esa fue la interrogante surgida a prop\u00f3sito de la celebraci\u00f3n del D\u00eda del M\u00e9dico, fecha en la cual hubo<\/p>\n","protected":false},"author":2,"featured_media":6567,"comment_status":"open","ping_status":"open","sticky":false,"template":"","format":"standard","meta":{"advanced_seo_description":"","jetpack_seo_html_title":"","jetpack_seo_noindex":false,"_jetpack_memberships_contains_paid_content":false,"footnotes":"","jetpack_publicize_message":"","jetpack_publicize_feature_enabled":true,"jetpack_social_post_already_shared":true,"jetpack_social_options":{"image_generator_settings":{"template":"highway","enabled":false},"version":2}},"categories":[12,251],"tags":[8,7,32],"class_list":["post-6566","post","type-post","status-publish","format-standard","has-post-thumbnail","hentry","category-salud","category-webdealta","tag-altagraciadeorituco","tag-guarico","tag-webdealta",""],"jetpack_publicize_connections":[],"jetpack_featured_media_url":"https:\/\/webdealta.info\/wp-content\/uploads\/2023\/03\/hospital-webdealta-lizardo-chacin.png","jetpack_sharing_enabled":true,"jetpack_likes_enabled":true,"jetpack-related-posts":[],"jetpack_shortlink":"https:\/\/wp.me\/pcseDn-1HU","_links":{"self":[{"href":"https:\/\/webdealta.info\/index.php?rest_route=\/wp\/v2\/posts\/6566","targetHints":{"allow":["GET"]}}],"collection":[{"href":"https:\/\/webdealta.info\/index.php?rest_route=\/wp\/v2\/posts"}],"about":[{"href":"https:\/\/webdealta.info\/index.php?rest_route=\/wp\/v2\/types\/post"}],"author":[{"embeddable":true,"href":"https:\/\/webdealta.info\/index.php?rest_route=\/wp\/v2\/users\/2"}],"replies":[{"embeddable":true,"href":"https:\/\/webdealta.info\/index.php?rest_route=%2Fwp%2Fv2%2Fcomments&post=6566"}],"version-history":[{"count":1,"href":"https:\/\/webdealta.info\/index.php?rest_route=\/wp\/v2\/posts\/6566\/revisions"}],"predecessor-version":[{"id":6568,"href":"https:\/\/webdealta.info\/index.php?rest_route=\/wp\/v2\/posts\/6566\/revisions\/6568"}],"wp:featuredmedia":[{"embeddable":true,"href":"https:\/\/webdealta.info\/index.php?rest_route=\/wp\/v2\/media\/6567"}],"wp:attachment":[{"href":"https:\/\/webdealta.info\/index.php?rest_route=%2Fwp%2Fv2%2Fmedia&parent=6566"}],"wp:term":[{"taxonomy":"category","embeddable":true,"href":"https:\/\/webdealta.info\/index.php?rest_route=%2Fwp%2Fv2%2Fcategories&post=6566"},{"taxonomy":"post_tag","embeddable":true,"href":"https:\/\/webdealta.info\/index.php?rest_route=%2Fwp%2Fv2%2Ftags&post=6566"}],"curies":[{"name":"wp","href":"https:\/\/api.w.org\/{rel}","templated":true}]}}