{"id":6562,"date":"2023-03-09T15:06:31","date_gmt":"2023-03-09T19:06:31","guid":{"rendered":"https:\/\/webdealta.info\/?p=6562"},"modified":"2023-03-09T15:06:33","modified_gmt":"2023-03-09T19:06:33","slug":"octavio-orta-solicitamos-elecciones-en-el-municipio-juan-jose-rondon","status":"publish","type":"post","link":"https:\/\/webdealta.info\/?p=6562","title":{"rendered":"Octavio Orta: solicitamos elecciones en el municipio Juan Jos\u00e9 Rond\u00f3n"},"content":{"rendered":"\n<p>En una reuni\u00f3n con el rector Enrique M\u00e1rquez en la sede del Consejo Nacional Electoral, el diputado ante la Asamblea Nacional, Octavio Orta, junto a la dirigencia de la Alianza Democr\u00e1tica del estado Gu\u00e1rico, formalizaron la solicitud de organizar y convocar elecciones en el municipio Juan Jos\u00e9 Rond\u00f3n ante la falta absoluta del alcalde Ra\u00fal Carballo.<\/p>\n\n\n\n<p>A su salida del ente comicial, el parlamentario Orta dijo que sostuvieron \u00abun encuentro con el rector Enrique M\u00e1rquez para formalizar la solicitud de convocatoria electoral en el municipio Juan Jos\u00e9 Rond\u00f3n tal como lo establece su ordenamiento jur\u00eddico ante las faltas absolutas\u00bb.<\/p>\n\n\n\n<p>La localidad ubicada en el sur guarique\u00f1o est\u00e1 conformada por las parroquias Las Mercedes del Llano, Santa Rita de Manapire y Cabruta que estuvo bajo la administraci\u00f3n del alcalde Ra\u00fal Caballo desde el pasado 21 de noviembre de 2021 con el 49,59% de los votos y falleci\u00f3 el pasado 22 de febrero del presente a\u00f1o.<\/p>\n\n\n\n<p>\u201cEstamos honrando nuestra palabra con el pueblo del municipio Rond\u00f3n que colm\u00f3 las calles de Las Mercedes del Llano para despedir al l\u00edder Ra\u00fal Carballo con el impulso de unas nuevas elecciones para preservar su legado frente a la administraci\u00f3n p\u00fablica\u00bb destac\u00f3 el diputado Octavio Orta.<\/p>\n\n\n\n<p>Prensa Octavio Orta  <\/p>\n\n\n\n<p><\/p>\n","protected":false},"excerpt":{"rendered":"<p>En una reuni\u00f3n con el rector Enrique M\u00e1rquez en la sede del Consejo Nacional Electoral, el diputado ante la Asamblea Nacional, Octavio Orta, junto a la dirigencia de la Alianza Democr\u00e1tica del estado Gu\u00e1rico, formalizaron la solicitud de organizar y convocar elecciones en el municipio Juan Jos\u00e9 Rond\u00f3n ante la<\/p>\n","protected":false},"author":2,"featured_media":6563,"comment_status":"open","ping_status":"open","sticky":false,"template":"","format":"standard","meta":{"advanced_seo_description":"","jetpack_seo_html_title":"","jetpack_seo_noindex":false,"_jetpack_memberships_contains_paid_content":false,"footnotes":"","jetpack_publicize_message":"","jetpack_publicize_feature_enabled":true,"jetpack_social_post_already_shared":true,"jetpack_social_options":{"image_generator_settings":{"template":"highway","enabled":false},"version":2}},"categories":[142,251],"tags":[8,7,32],"class_list":["post-6562","post","type-post","status-publish","format-standard","has-post-thumbnail","hentry","category-politica","category-webdealta","tag-altagraciadeorituco","tag-guarico","tag-webdealta",""],"jetpack_publicize_connections":[],"jetpack_featured_media_url":"https:\/\/webdealta.info\/wp-content\/uploads\/2023\/03\/orta-webdealta-2.png","jetpack_sharing_enabled":true,"jetpack_likes_enabled":true,"jetpack-related-posts":[],"jetpack_shortlink":"https:\/\/wp.me\/pcseDn-1HQ","_links":{"self":[{"href":"https:\/\/webdealta.info\/index.php?rest_route=\/wp\/v2\/posts\/6562","targetHints":{"allow":["GET"]}}],"collection":[{"href":"https:\/\/webdealta.info\/index.php?rest_route=\/wp\/v2\/posts"}],"about":[{"href":"https:\/\/webdealta.info\/index.php?rest_route=\/wp\/v2\/types\/post"}],"author":[{"embeddable":true,"href":"https:\/\/webdealta.info\/index.php?rest_route=\/wp\/v2\/users\/2"}],"replies":[{"embeddable":true,"href":"https:\/\/webdealta.info\/index.php?rest_route=%2Fwp%2Fv2%2Fcomments&post=6562"}],"version-history":[{"count":1,"href":"https:\/\/webdealta.info\/index.php?rest_route=\/wp\/v2\/posts\/6562\/revisions"}],"predecessor-version":[{"id":6564,"href":"https:\/\/webdealta.info\/index.php?rest_route=\/wp\/v2\/posts\/6562\/revisions\/6564"}],"wp:featuredmedia":[{"embeddable":true,"href":"https:\/\/webdealta.info\/index.php?rest_route=\/wp\/v2\/media\/6563"}],"wp:attachment":[{"href":"https:\/\/webdealta.info\/index.php?rest_route=%2Fwp%2Fv2%2Fmedia&parent=6562"}],"wp:term":[{"taxonomy":"category","embeddable":true,"href":"https:\/\/webdealta.info\/index.php?rest_route=%2Fwp%2Fv2%2Fcategories&post=6562"},{"taxonomy":"post_tag","embeddable":true,"href":"https:\/\/webdealta.info\/index.php?rest_route=%2Fwp%2Fv2%2Ftags&post=6562"}],"curies":[{"name":"wp","href":"https:\/\/api.w.org\/{rel}","templated":true}]}}