{"id":6546,"date":"2023-03-06T21:08:51","date_gmt":"2023-03-07T01:08:51","guid":{"rendered":"https:\/\/webdealta.info\/?p=6546"},"modified":"2023-03-06T21:08:52","modified_gmt":"2023-03-07T01:08:52","slug":"en-guarico-fortalecen-programas-agricolas-para-garantizar-la-produccion","status":"publish","type":"post","link":"https:\/\/webdealta.info\/?p=6546","title":{"rendered":"<strong>En Gu\u00e1rico fortalecen programas agr\u00edcolas para garantizar la producci\u00f3n<\/strong>"},"content":{"rendered":"\n<p>En el estado Gu\u00e1rico el Gobierno Bolivariano avanza en el fortalecimiento de los programas agr\u00edcolas en la regi\u00f3n, enfocados en elevar la productividad de alimentos tradicionales y garantizar el consumo a la poblaci\u00f3n, siendo ejemplo de ello el alcance obtenido en el cultivo de arroz correspondiente al ciclo Norte Verano 2022-2023 que sobrepasa las 41.500 hect\u00e1reas a comparaci\u00f3n del a\u00f1o pasado donde se abarcaron alrededor de las 40 mil.<\/p>\n\n\n\n<p>\u00abIniciamos el ciclo norte verano este a\u00f1o con buen pie, hemos sobrepasado m\u00e1s de 41 mil hect\u00e1reas sembradas, lo que representa un compromiso de la fuerza productiva\u201d, dijo el gobernador de la entidad llanera Jos\u00e9 V\u00e1squez durante una entrevista en el programa \u201c<em>Al Instante\u201d<\/em>&nbsp;conducido por la periodista <em>Esther Quiaro<\/em> a trav\u00e9s de&nbsp;<strong>Uni\u00f3n Radio<\/strong>, donde el mandatario present\u00f3 la planificaci\u00f3n agr\u00edcola que se adelanta en esta regi\u00f3n del pa\u00eds.<\/p>\n\n\n\n<p>V\u00e1squez hizo referencia que las expectativas para este a\u00f1o consisten en superar los rendimientos en cada uno de los rubros aut\u00f3ctonos, donde prevalece principalmente cereales como el arroz y el ma\u00edz, complement\u00e1ndose con el cultivo de leguminosas, algod\u00f3n, sin dejar de lado la producci\u00f3n pecuaria para garantizar la carne, huevos, pollos. \u201cEstos son elementos que han mantenido un rendimiento y crecimiento progresivo en nuestra entidad\u201d, acot\u00f3.<\/p>\n\n\n\n<p><strong>Financiamientos y alianzas productivas<\/strong><\/p>\n\n\n\n<p>Por tanto, el Mandatario Regional mencion\u00f3 que en los pr\u00f3ximos d\u00edas se estar\u00e1 iniciando un Plan Especial de Financiamiento de los campesinos a trav\u00e9s del Poder Popular, acotando que tambi\u00e9n se ha establecido una mesa de trabajo junto a asociaciones productivas en la cual se prev\u00e9 dar respuestas inmediatas a los requerimientos que ameritan los procesos de cultivo y cosecha en el ciclo invierno 2023.<\/p>\n\n\n\n<p>Asimismo, adelant\u00f3 que en trabajo articulado con el Gobierno de Vietnam, Gobierno Nacional y el Ministerio de Agricultura y Tierras se realizar\u00e1 el proceso de cultivo de semillas de arroz \u00abVive\u00bb para la obtenci\u00f3n de la mismas y avanzar en la productividad nacional.<\/p>\n\n\n\n<p>Finalmente, el gobernador de Gu\u00e1rico Jos\u00e9 V\u00e1squez, indic\u00f3 que el \u00e9xito de lo que ha sido la productividad de la regi\u00f3n en los \u00faltimos a\u00f1os se debe a la unificaci\u00f3n de las fuerzas productivas desde sectores primarios, campesinos y productores, as\u00ed como secundarios con las empresas procesadoras, las cuales tambi\u00e9n se involucran en el tema de financiamiento en la entidad. <\/p>\n\n\n\n<p>Prensa Sibci Gu\u00e1rico<\/p>\n","protected":false},"excerpt":{"rendered":"<p>En el estado Gu\u00e1rico el Gobierno Bolivariano avanza en el fortalecimiento de los programas agr\u00edcolas en la regi\u00f3n, enfocados en elevar la productividad de alimentos tradicionales y garantizar el consumo a la poblaci\u00f3n, siendo ejemplo de ello el alcance obtenido en el cultivo de arroz correspondiente al ciclo Norte Verano<\/p>\n","protected":false},"author":2,"featured_media":6547,"comment_status":"open","ping_status":"open","sticky":false,"template":"","format":"standard","meta":{"advanced_seo_description":"","jetpack_seo_html_title":"","jetpack_seo_noindex":false,"_jetpack_memberships_contains_paid_content":false,"footnotes":"","jetpack_publicize_message":"","jetpack_publicize_feature_enabled":true,"jetpack_social_post_already_shared":true,"jetpack_social_options":{"image_generator_settings":{"template":"highway","enabled":false},"version":2}},"categories":[284],"tags":[8,7,32],"class_list":["post-6546","post","type-post","status-publish","format-standard","has-post-thumbnail","hentry","category-gobierno-de-guarico","tag-altagraciadeorituco","tag-guarico","tag-webdealta",""],"jetpack_publicize_connections":[],"jetpack_featured_media_url":"https:\/\/webdealta.info\/wp-content\/uploads\/2023\/03\/webdealta-lunes-27-gobernador.png","jetpack_sharing_enabled":true,"jetpack_likes_enabled":true,"jetpack-related-posts":[],"jetpack_shortlink":"https:\/\/wp.me\/pcseDn-1HA","_links":{"self":[{"href":"https:\/\/webdealta.info\/index.php?rest_route=\/wp\/v2\/posts\/6546","targetHints":{"allow":["GET"]}}],"collection":[{"href":"https:\/\/webdealta.info\/index.php?rest_route=\/wp\/v2\/posts"}],"about":[{"href":"https:\/\/webdealta.info\/index.php?rest_route=\/wp\/v2\/types\/post"}],"author":[{"embeddable":true,"href":"https:\/\/webdealta.info\/index.php?rest_route=\/wp\/v2\/users\/2"}],"replies":[{"embeddable":true,"href":"https:\/\/webdealta.info\/index.php?rest_route=%2Fwp%2Fv2%2Fcomments&post=6546"}],"version-history":[{"count":1,"href":"https:\/\/webdealta.info\/index.php?rest_route=\/wp\/v2\/posts\/6546\/revisions"}],"predecessor-version":[{"id":6548,"href":"https:\/\/webdealta.info\/index.php?rest_route=\/wp\/v2\/posts\/6546\/revisions\/6548"}],"wp:featuredmedia":[{"embeddable":true,"href":"https:\/\/webdealta.info\/index.php?rest_route=\/wp\/v2\/media\/6547"}],"wp:attachment":[{"href":"https:\/\/webdealta.info\/index.php?rest_route=%2Fwp%2Fv2%2Fmedia&parent=6546"}],"wp:term":[{"taxonomy":"category","embeddable":true,"href":"https:\/\/webdealta.info\/index.php?rest_route=%2Fwp%2Fv2%2Fcategories&post=6546"},{"taxonomy":"post_tag","embeddable":true,"href":"https:\/\/webdealta.info\/index.php?rest_route=%2Fwp%2Fv2%2Ftags&post=6546"}],"curies":[{"name":"wp","href":"https:\/\/api.w.org\/{rel}","templated":true}]}}