{"id":6538,"date":"2023-03-06T20:38:59","date_gmt":"2023-03-07T00:38:59","guid":{"rendered":"https:\/\/webdealta.info\/?p=6538"},"modified":"2023-03-06T20:39:00","modified_gmt":"2023-03-07T00:39:00","slug":"con-bailoterapia-protesto-el-gremio-educativo-en-altagracia","status":"publish","type":"post","link":"https:\/\/webdealta.info\/?p=6538","title":{"rendered":"Con bailoterapia protest\u00f3 el gremio educativo en Altagracia"},"content":{"rendered":"\n<p>Amanda Saldivia.-<\/p>\n\n\n\n<p>Otro lunes de protesta del gremio educativo en Altagracia de Orituco, en esta oportunidad con bailoterapia amenizada con temas versionados, entre ellos la famosa canci\u00f3n Las Avispas de Juan Luis Guerra, pero con una letra distinta, tales como \u201cno me alcanza ni para pasaje, ya no puedo comprar ni comida, ni zapatos ni la medicina\u201d.<\/p>\n\n\n\n<p>As\u00ed transcurri\u00f3, este lunes 6 de marzo, la jornada convocada por el Comit\u00e9 de Conflicto del municipio Monagas, la cual se desarroll\u00f3 al frente de la plaza Bol\u00edvar, con la finalidad de ratificar el reclamo de salarios justos y otras reivindicaciones, como lo es la cancelaci\u00f3n de la deuda de 280%.<\/p>\n\n\n\n<p>Leticia Bencomo, maestra jubilada, al declarar a la Web de Altagracia, dijo que \u201cel docente es creativo y es proactivo\u201d, lo que motiv\u00f3 la variedad de las actividades que son acordadas por el Comit\u00e9 de Conflicto integrado por educadores de los distintos centros\u201d.<\/p>\n\n\n\n<p>Al referirse al tiempo que ha transcurrido sin resultados, enfatiz\u00f3 que \u201cno nos podemos cansar, cada d\u00eda se nos pone m\u00e1s dif\u00edcil, m\u00e1s cuesta arriba la situaci\u00f3n y por eso pens\u00e1bamos esta semana tener doble actividad de protesta, pero realmente ni para el pasaje, ni para movilizarnos alcanza, quedamos que ser\u00e1 una vez a la semana\u201d.<\/p>\n\n\n\n<p>Adelant\u00f3 que el pr\u00f3ximo lunes ser\u00e1 una cadena humana en la zona comercial Saladillo, la propuesta que discutir\u00e1n en la reuni\u00f3n que se celebrar\u00e1 el pr\u00f3ximo jueves, a las 9:00 am, en la Casa del Maestro, ubicada en la calle Rond\u00f3n.<\/p>\n\n\n\n<p>@amandasaldivia   <\/p>\n\n\n\n<p><\/p>\n","protected":false},"excerpt":{"rendered":"<p>Amanda Saldivia.- Otro lunes de protesta del gremio educativo en Altagracia de Orituco, en esta oportunidad con bailoterapia amenizada con temas versionados, entre ellos la famosa canci\u00f3n Las Avispas de Juan Luis Guerra, pero con una letra distinta, tales como \u201cno me alcanza ni para pasaje, ya no puedo comprar<\/p>\n","protected":false},"author":2,"featured_media":6539,"comment_status":"open","ping_status":"open","sticky":false,"template":"","format":"standard","meta":{"advanced_seo_description":"","jetpack_seo_html_title":"","jetpack_seo_noindex":false,"_jetpack_memberships_contains_paid_content":false,"footnotes":"","jetpack_publicize_message":"","jetpack_publicize_feature_enabled":true,"jetpack_social_post_already_shared":true,"jetpack_social_options":{"image_generator_settings":{"template":"highway","enabled":false},"version":2}},"categories":[138],"tags":[8,7,32],"class_list":["post-6538","post","type-post","status-publish","format-standard","has-post-thumbnail","hentry","category-reclamo-laboral","tag-altagraciadeorituco","tag-guarico","tag-webdealta",""],"jetpack_publicize_connections":[],"jetpack_featured_media_url":"https:\/\/webdealta.info\/wp-content\/uploads\/2023\/03\/protesta-bailoterapia-webdealta.png","jetpack_sharing_enabled":true,"jetpack_likes_enabled":true,"jetpack-related-posts":[],"jetpack_shortlink":"https:\/\/wp.me\/pcseDn-1Hs","_links":{"self":[{"href":"https:\/\/webdealta.info\/index.php?rest_route=\/wp\/v2\/posts\/6538","targetHints":{"allow":["GET"]}}],"collection":[{"href":"https:\/\/webdealta.info\/index.php?rest_route=\/wp\/v2\/posts"}],"about":[{"href":"https:\/\/webdealta.info\/index.php?rest_route=\/wp\/v2\/types\/post"}],"author":[{"embeddable":true,"href":"https:\/\/webdealta.info\/index.php?rest_route=\/wp\/v2\/users\/2"}],"replies":[{"embeddable":true,"href":"https:\/\/webdealta.info\/index.php?rest_route=%2Fwp%2Fv2%2Fcomments&post=6538"}],"version-history":[{"count":1,"href":"https:\/\/webdealta.info\/index.php?rest_route=\/wp\/v2\/posts\/6538\/revisions"}],"predecessor-version":[{"id":6540,"href":"https:\/\/webdealta.info\/index.php?rest_route=\/wp\/v2\/posts\/6538\/revisions\/6540"}],"wp:featuredmedia":[{"embeddable":true,"href":"https:\/\/webdealta.info\/index.php?rest_route=\/wp\/v2\/media\/6539"}],"wp:attachment":[{"href":"https:\/\/webdealta.info\/index.php?rest_route=%2Fwp%2Fv2%2Fmedia&parent=6538"}],"wp:term":[{"taxonomy":"category","embeddable":true,"href":"https:\/\/webdealta.info\/index.php?rest_route=%2Fwp%2Fv2%2Fcategories&post=6538"},{"taxonomy":"post_tag","embeddable":true,"href":"https:\/\/webdealta.info\/index.php?rest_route=%2Fwp%2Fv2%2Ftags&post=6538"}],"curies":[{"name":"wp","href":"https:\/\/api.w.org\/{rel}","templated":true}]}}