{"id":6535,"date":"2023-03-05T12:50:47","date_gmt":"2023-03-05T16:50:47","guid":{"rendered":"https:\/\/webdealta.info\/?p=6535"},"modified":"2023-03-05T12:50:48","modified_gmt":"2023-03-05T16:50:48","slug":"productores-rehabilitan-via-lezama-las-flores-quebrada-de-cara","status":"publish","type":"post","link":"https:\/\/webdealta.info\/?p=6535","title":{"rendered":"Productores rehabilitan v\u00eda Lezama-Las Flores-Quebrada de Cara"},"content":{"rendered":"\n<p>Amanda Saldivia.-<\/p>\n\n\n\n<p>El pasado mi\u00e9rcoles iniciaron los trabajos de mantenimiento de la v\u00eda de penetraci\u00f3n rural Lezama-Las Flores-Quebrada de Cara, iniciativa de productores agropecuarios de esa zona del municipio Monagas, Gu\u00e1rico.<\/p>\n\n\n\n<p>Jos\u00e9 Luis Rosa Manuitt, al compartir las fotograf\u00edas con la Web de Altagracia, mencion\u00f3 que la acci\u00f3n se realiza por tercer a\u00f1o consecutivo, gracias a un grupo de productores agropecuarios, quienes buscan mejorar la vialidad hasta las fincas, al tiempo que se benefician tambi\u00e9n los habitantes de los caser\u00edos cercanos, entre ellos Punteral y Libertad de Orituco.<\/p>\n\n\n\n<p>En referencia a los kil\u00f3metros a acondicionar con la maquinaria pesada, dijo que son 21 en total y est\u00e1n a la espera de otras alianzas para colocar granz\u00f3n en algunos tramos cr\u00edticos.<\/p>\n\n\n\n<p>La intenci\u00f3n de hacer p\u00fablica la rehabilitaci\u00f3n de la vialidad, es para que quede claro ante la opini\u00f3n p\u00fablica que son los productores de esa zona de la parroquia Lezama, quienes llevan adelante esa acci\u00f3n, se\u00f1al\u00f3 Jos\u00e9 Luis Rosa Manuitt, para finalizar.<\/p>\n\n\n\n<p>@amandasaldivia   <\/p>\n\n\n\n<p>Foto: cortes\u00eda <\/p>\n","protected":false},"excerpt":{"rendered":"<p>Amanda Saldivia.- El pasado mi\u00e9rcoles iniciaron los trabajos de mantenimiento de la v\u00eda de penetraci\u00f3n rural Lezama-Las Flores-Quebrada de Cara, iniciativa de productores agropecuarios de esa zona del municipio Monagas, Gu\u00e1rico. Jos\u00e9 Luis Rosa Manuitt, al compartir las fotograf\u00edas con la Web de Altagracia, mencion\u00f3 que la acci\u00f3n se realiza<\/p>\n","protected":false},"author":2,"featured_media":6536,"comment_status":"open","ping_status":"open","sticky":false,"template":"","format":"standard","meta":{"advanced_seo_description":"","jetpack_seo_html_title":"","jetpack_seo_noindex":false,"_jetpack_memberships_contains_paid_content":false,"footnotes":"","jetpack_publicize_message":"","jetpack_publicize_feature_enabled":true,"jetpack_social_post_already_shared":true,"jetpack_social_options":{"image_generator_settings":{"template":"highway","enabled":false},"version":2}},"categories":[16],"tags":[8,7,32],"class_list":["post-6535","post","type-post","status-publish","format-standard","has-post-thumbnail","hentry","category-vialidad","tag-altagraciadeorituco","tag-guarico","tag-webdealta",""],"jetpack_publicize_connections":[],"jetpack_featured_media_url":"https:\/\/webdealta.info\/wp-content\/uploads\/2023\/03\/vialidad-lezama-webdealta.png","jetpack_sharing_enabled":true,"jetpack_likes_enabled":true,"jetpack-related-posts":[],"jetpack_shortlink":"https:\/\/wp.me\/pcseDn-1Hp","_links":{"self":[{"href":"https:\/\/webdealta.info\/index.php?rest_route=\/wp\/v2\/posts\/6535","targetHints":{"allow":["GET"]}}],"collection":[{"href":"https:\/\/webdealta.info\/index.php?rest_route=\/wp\/v2\/posts"}],"about":[{"href":"https:\/\/webdealta.info\/index.php?rest_route=\/wp\/v2\/types\/post"}],"author":[{"embeddable":true,"href":"https:\/\/webdealta.info\/index.php?rest_route=\/wp\/v2\/users\/2"}],"replies":[{"embeddable":true,"href":"https:\/\/webdealta.info\/index.php?rest_route=%2Fwp%2Fv2%2Fcomments&post=6535"}],"version-history":[{"count":1,"href":"https:\/\/webdealta.info\/index.php?rest_route=\/wp\/v2\/posts\/6535\/revisions"}],"predecessor-version":[{"id":6537,"href":"https:\/\/webdealta.info\/index.php?rest_route=\/wp\/v2\/posts\/6535\/revisions\/6537"}],"wp:featuredmedia":[{"embeddable":true,"href":"https:\/\/webdealta.info\/index.php?rest_route=\/wp\/v2\/media\/6536"}],"wp:attachment":[{"href":"https:\/\/webdealta.info\/index.php?rest_route=%2Fwp%2Fv2%2Fmedia&parent=6535"}],"wp:term":[{"taxonomy":"category","embeddable":true,"href":"https:\/\/webdealta.info\/index.php?rest_route=%2Fwp%2Fv2%2Fcategories&post=6535"},{"taxonomy":"post_tag","embeddable":true,"href":"https:\/\/webdealta.info\/index.php?rest_route=%2Fwp%2Fv2%2Ftags&post=6535"}],"curies":[{"name":"wp","href":"https:\/\/api.w.org\/{rel}","templated":true}]}}