{"id":6530,"date":"2023-03-05T12:20:08","date_gmt":"2023-03-05T16:20:08","guid":{"rendered":"https:\/\/webdealta.info\/?p=6530"},"modified":"2023-03-05T12:20:09","modified_gmt":"2023-03-05T16:20:09","slug":"gracitanos-a-una-voz-premio-a-emprendedores","status":"publish","type":"post","link":"https:\/\/webdealta.info\/?p=6530","title":{"rendered":"Gracitanos a una Voz premi\u00f3 a emprendedores"},"content":{"rendered":"\n<p>Amanda Saldivia.-<\/p>\n\n\n\n<p>Por segundo a\u00f1o consecutivo se celebr\u00f3 Gracitanos a una Voz, encuentro que promueve el emprendimiento en el municipio Monagas y que forma parte de la iniciativa de Emanuel Joven, movimiento de la iglesia Emanuel de Altagracia de Orituco, dirigida por el pastor \u00c1ngel Rafael P\u00e9rez.<\/p>\n\n\n\n<p>La modalidad de este 2023, fue la inscripci\u00f3n de emprendedores y la preselecci\u00f3n de tres de ellos por medio de votaci\u00f3n en la red social Instagram, quienes este s\u00e1bado cuatro de marzo presentaron el proyecto al jurado calificador, integrado por el pastor \u00c1ngel P\u00e9rez, su esposa la pastora Doris Coronil; Pablo Rojas, presidente de la C\u00e1mara de Comercio; Adixon Hern\u00e1ndez, director de la emisora Renacer y la redactora de esta nota de prensa por la Web de Altagracia y el programa Tiempo de Cambios.<\/p>\n\n\n\n<p>El emprendimiento ganador fue Carcajadas, proyecto de entretenimiento, arte y gastronom\u00eda; adem\u00e1s de Dulce Anidey y Dolce Bambino, dedicados a la reposter\u00eda. La selecci\u00f3n de los ganadores se realiz\u00f3 en el auditorio de la iglesia Emanuel, con actividades previas de la agrupaci\u00f3n juvenil, entre las que destacaron bailes y teatro, este \u00faltimo a cargo de Michelle Rodr\u00edguez, quien en un mon\u00f3logo expres\u00f3 las dificultades de los emprendedores en medio de la Venezuela actual.<\/p>\n\n\n\n<p>Una vez entregada la premiaci\u00f3n que incluy\u00f3 100 d\u00f3lares al primer lugar, as\u00ed como tambi\u00e9n apoyo con publicidad en radio, y redes al segundo y tercer lugar, tom\u00f3 la palabra el pastor \u00c1ngel Rafael P\u00e9rez, para dar recomendaciones a los emprendedores sobre los aspectos resaltantes de los negocios.<\/p>\n\n\n\n<figure class=\"wp-block-image size-large\"><img loading=\"lazy\" decoding=\"async\" width=\"1024\" height=\"546\" src=\"https:\/\/webdealta.info\/wp-content\/uploads\/2023\/03\/emanuel-joven-webdealta-2-1024x546.png\" alt=\"\" class=\"wp-image-6532\" srcset=\"https:\/\/webdealta.info\/wp-content\/uploads\/2023\/03\/emanuel-joven-webdealta-2.png 1024w, https:\/\/webdealta.info\/wp-content\/uploads\/2023\/03\/emanuel-joven-webdealta-2.png 300w, https:\/\/webdealta.info\/wp-content\/uploads\/2023\/03\/emanuel-joven-webdealta-2.png 768w, https:\/\/webdealta.info\/wp-content\/uploads\/2023\/03\/emanuel-joven-webdealta-2.png 1170w, https:\/\/webdealta.info\/wp-content\/uploads\/2023\/03\/emanuel-joven-webdealta-2.png 1500w, https:\/\/webdealta.info\/wp-content\/uploads\/2023\/03\/emanuel-joven-webdealta-2.png 1280w\" sizes=\"auto, (max-width: 640px) 100vw, 640px\" \/><\/figure>\n\n\n\n<p>\u201cEs muy importante tener esa versatilidad, capacidad de adaptarse a las situaciones y poder emerger en medio de las dificultades\u2026es fundamental que podamos adaptarnos a los cambios, es importante tambi\u00e9n actualizarse, hay que estar en armon\u00eda con lo que va entrando en la moda, en los nuevos tiempos\u201d, dijo el pastor P\u00e9rez a los congregados.<\/p>\n\n\n\n<p>Otra de las recomendaciones fue que si se pretender llegar lejos, deben acercarse con sencillez \u201ca los que saben y montarte en los hombros de los gigantes, de los que han llegado lejos, es bueno ser ense\u00f1ables, no pretender que no las sabemos todas\u201d.<\/p>\n\n\n\n<p>Por su parte, Pablo Rojas, presidente de la C\u00e1mara de Comercio, calific\u00f3 de valientes a los comerciantes que perseveran a pesar de las dificultades y exhort\u00f3 a los emprendedores a que \u201cestudien, que se preparen en la vida, porque con capacidad con mucho intelecto, ustedes podr\u00e1n cambiar el mundo, pero es de es manera, estudiando, prepar\u00e1ndose para la vida\u201d.<\/p>\n\n\n\n<p>@amandasaldivia   <\/p>\n\n\n\n<p><\/p>\n","protected":false},"excerpt":{"rendered":"<p>Amanda Saldivia.- Por segundo a\u00f1o consecutivo se celebr\u00f3 Gracitanos a una Voz, encuentro que promueve el emprendimiento en el municipio Monagas y que forma parte de la iniciativa de Emanuel Joven, movimiento de la iglesia Emanuel de Altagracia de Orituco, dirigida por el pastor \u00c1ngel Rafael P\u00e9rez. La modalidad de<\/p>\n","protected":false},"author":2,"featured_media":6531,"comment_status":"open","ping_status":"open","sticky":false,"template":"","format":"standard","meta":{"advanced_seo_description":"","jetpack_seo_html_title":"","jetpack_seo_noindex":false,"_jetpack_memberships_contains_paid_content":false,"footnotes":"","jetpack_publicize_message":"","jetpack_publicize_feature_enabled":true,"jetpack_social_post_already_shared":true,"jetpack_social_options":{"image_generator_settings":{"template":"highway","enabled":false},"version":2}},"categories":[231],"tags":[8,7,32],"class_list":["post-6530","post","type-post","status-publish","format-standard","has-post-thumbnail","hentry","category-emprendedores","tag-altagraciadeorituco","tag-guarico","tag-webdealta",""],"jetpack_publicize_connections":[],"jetpack_featured_media_url":"https:\/\/webdealta.info\/wp-content\/uploads\/2023\/03\/emanuel-joven-webdealta-1.png","jetpack_sharing_enabled":true,"jetpack_likes_enabled":true,"jetpack-related-posts":[],"jetpack_shortlink":"https:\/\/wp.me\/pcseDn-1Hk","_links":{"self":[{"href":"https:\/\/webdealta.info\/index.php?rest_route=\/wp\/v2\/posts\/6530","targetHints":{"allow":["GET"]}}],"collection":[{"href":"https:\/\/webdealta.info\/index.php?rest_route=\/wp\/v2\/posts"}],"about":[{"href":"https:\/\/webdealta.info\/index.php?rest_route=\/wp\/v2\/types\/post"}],"author":[{"embeddable":true,"href":"https:\/\/webdealta.info\/index.php?rest_route=\/wp\/v2\/users\/2"}],"replies":[{"embeddable":true,"href":"https:\/\/webdealta.info\/index.php?rest_route=%2Fwp%2Fv2%2Fcomments&post=6530"}],"version-history":[{"count":1,"href":"https:\/\/webdealta.info\/index.php?rest_route=\/wp\/v2\/posts\/6530\/revisions"}],"predecessor-version":[{"id":6533,"href":"https:\/\/webdealta.info\/index.php?rest_route=\/wp\/v2\/posts\/6530\/revisions\/6533"}],"wp:featuredmedia":[{"embeddable":true,"href":"https:\/\/webdealta.info\/index.php?rest_route=\/wp\/v2\/media\/6531"}],"wp:attachment":[{"href":"https:\/\/webdealta.info\/index.php?rest_route=%2Fwp%2Fv2%2Fmedia&parent=6530"}],"wp:term":[{"taxonomy":"category","embeddable":true,"href":"https:\/\/webdealta.info\/index.php?rest_route=%2Fwp%2Fv2%2Fcategories&post=6530"},{"taxonomy":"post_tag","embeddable":true,"href":"https:\/\/webdealta.info\/index.php?rest_route=%2Fwp%2Fv2%2Ftags&post=6530"}],"curies":[{"name":"wp","href":"https:\/\/api.w.org\/{rel}","templated":true}]}}