{"id":6519,"date":"2023-03-02T23:58:59","date_gmt":"2023-03-03T03:58:59","guid":{"rendered":"https:\/\/webdealta.info\/?p=6519"},"modified":"2023-03-03T07:14:52","modified_gmt":"2023-03-03T11:14:52","slug":"altagracia-camara-de-comercio-celebro-50-anos","status":"publish","type":"post","link":"https:\/\/webdealta.info\/?p=6519","title":{"rendered":"Altagracia: C\u00e1mara de Comercio celebr\u00f3 50 a\u00f1os"},"content":{"rendered":"\n<p>Amanda Saldivia.-<\/p>\n\n\n\n<p>Momentos emotivos se vivieron la sede de la C\u00e1mara de Comercio, Industria y Producci\u00f3n del municipio Monagas, en la noche de este jueves dos de marzo, al develar la galer\u00eda de expresidentes y colaboradores, como parte de lo programado a prop\u00f3sito del aniversario n\u00famero 50 de esa organizaci\u00f3n gremial.<\/p>\n\n\n\n<p>Fue de especial significaci\u00f3n para la directiva actual, encabezada por Pablo Rojas, rendirle homenaje a los expresidentes, entre ellos al se\u00f1or Erasmo Padilla, quien el 2 de marzo de 1973 integr\u00f3 la primera directiva con el cargo de Secretario y 50 a\u00f1os despu\u00e9s estaba en la sede para compartir con los presentes c\u00f3mo surgi\u00f3 ese movimiento del gremio comercial en Altagracia de Orituco.<\/p>\n\n\n\n<p>Al tomar la palabra, el se\u00f1or Erasmo Padilla, dijo que fueron 19 los ciudadanos que se reunieron, en enero de 1973, con la finalidad de impulsar la creaci\u00f3n de la C\u00e1mara de Comercio, con el ingeniero Luis Segundo Romero como promotor, quien fue el primer presidente de la naciente organizaci\u00f3n que agrup\u00f3 a los comerciantes de esta regi\u00f3n orituque\u00f1a.<\/p>\n\n\n\n<p>Visiblemente entusiasmado por vivir tan especial momento, agradeci\u00f3 a la directiva la invitaci\u00f3n y llam\u00f3 a fortalecer la C\u00e1mara con m\u00e1s agremiados que aporten ideas, para seguir impulsando el progreso de esta regi\u00f3n, porque esa fue la motivaci\u00f3n que tuvieron quienes iniciaron este movimiento.<\/p>\n\n\n\n<p>Es importante resaltar, que se sumaron a la galer\u00eda de expresidentes, las fotograf\u00edas de tres ciudadanos que fueron clave en los \u00faltimos a\u00f1os y quienes ya no est\u00e1n f\u00edsicamente, como lo fueron William De Paz, Ana Pi\u00f1ango y Elisenda Tovar. Igualmente, el reconocimiento a otra de las fundadoras, la se\u00f1ora Marina Infante, quien no pudo asistir por lo avanzado de la edad. Ese fue otro momento emotivo para familiares y amigos de tan destacados ciudadanos que hicieron aportes incalculables en pro de la consolidaci\u00f3n del gremio y del desarrollo del Orituco.<\/p>\n\n\n\n<p>La galer\u00eda de expresidentes qued\u00f3 cronol\u00f3gicamente de la siguiente manera: Luis Segundo Romero, Carlos Jos\u00e9 Espejo, Juan Bravo Barrera, Armando Garc\u00eda, Rafael Anastacio, Enrique Mor\u00f3n, Pedro Luis P\u00e9rez, Jos\u00e9 Gregorio Hern\u00e1ndez, Mauro Negr\u00edn, Erasmo Padilla, Luis Farf\u00e1n, Luis Ochoa, Eduardo Naranjo, R\u00f3mulo Laya, Ysaura Rodr\u00edguez y Pablo Rojas. &nbsp;&nbsp;&nbsp;&nbsp;<\/p>\n\n\n\n<p>Adem\u00e1s de la galer\u00eda de expresidentes, tambi\u00e9n destac\u00f3 durante este jueves dos de marzo, la Santa Misa oficiada por el padre Cruz Mujica, la ofrenda floral que llevaron los directivos de la C\u00e1mara ante la estatua del Libertador Sim\u00f3n Bol\u00edvar, como paso previo para partir en caravana y despu\u00e9s el atardecer llanero, as\u00ed como tambi\u00e9n actividades para los ni\u00f1os en la sede de la instituci\u00f3n.<\/p>\n\n\n\n<p>Otro momento que resalt\u00f3, fue la rifa de la motocicleta, premio que promocion\u00f3 la C\u00e1mara como parte de la celebraci\u00f3n y cuyo ganador fue Andr\u00e9s M\u00e1rquez. La festividad por los 50 a\u00f1os de la C\u00e1mara de Comercio se extendi\u00f3 con la participaci\u00f3n de artistas, entre ellos Ronald Marin, Jos\u00e9 Gregorio Utrera y Antonio Pi\u00f1ango. Igualmente, la participaci\u00f3n de agrupaciones de danzas.<\/p>\n\n\n\n<p>@amandasaldivia   <\/p>\n\n\n\n<p><\/p>\n","protected":false},"excerpt":{"rendered":"<p>Amanda Saldivia.- Momentos emotivos se vivieron la sede de la C\u00e1mara de Comercio, Industria y Producci\u00f3n del municipio Monagas, en la noche de este jueves dos de marzo, al develar la galer\u00eda de expresidentes y colaboradores, como parte de lo programado a prop\u00f3sito del aniversario n\u00famero 50 de esa organizaci\u00f3n<\/p>\n","protected":false},"author":2,"featured_media":6520,"comment_status":"open","ping_status":"open","sticky":false,"template":"","format":"standard","meta":{"advanced_seo_description":"","jetpack_seo_html_title":"","jetpack_seo_noindex":false,"_jetpack_memberships_contains_paid_content":false,"footnotes":"","jetpack_publicize_message":"","jetpack_publicize_feature_enabled":true,"jetpack_social_post_already_shared":true,"jetpack_social_options":{"image_generator_settings":{"template":"highway","enabled":false},"version":2}},"categories":[310],"tags":[8,7,32],"class_list":["post-6519","post","type-post","status-publish","format-standard","has-post-thumbnail","hentry","category-camara-de-comercio","tag-altagraciadeorituco","tag-guarico","tag-webdealta",""],"jetpack_publicize_connections":[],"jetpack_featured_media_url":"https:\/\/webdealta.info\/wp-content\/uploads\/2023\/03\/celebracion-50-anos-camara-de-comercio-webdealta.png","jetpack_sharing_enabled":true,"jetpack_likes_enabled":true,"jetpack-related-posts":[],"jetpack_shortlink":"https:\/\/wp.me\/pcseDn-1H9","_links":{"self":[{"href":"https:\/\/webdealta.info\/index.php?rest_route=\/wp\/v2\/posts\/6519","targetHints":{"allow":["GET"]}}],"collection":[{"href":"https:\/\/webdealta.info\/index.php?rest_route=\/wp\/v2\/posts"}],"about":[{"href":"https:\/\/webdealta.info\/index.php?rest_route=\/wp\/v2\/types\/post"}],"author":[{"embeddable":true,"href":"https:\/\/webdealta.info\/index.php?rest_route=\/wp\/v2\/users\/2"}],"replies":[{"embeddable":true,"href":"https:\/\/webdealta.info\/index.php?rest_route=%2Fwp%2Fv2%2Fcomments&post=6519"}],"version-history":[{"count":3,"href":"https:\/\/webdealta.info\/index.php?rest_route=\/wp\/v2\/posts\/6519\/revisions"}],"predecessor-version":[{"id":6525,"href":"https:\/\/webdealta.info\/index.php?rest_route=\/wp\/v2\/posts\/6519\/revisions\/6525"}],"wp:featuredmedia":[{"embeddable":true,"href":"https:\/\/webdealta.info\/index.php?rest_route=\/wp\/v2\/media\/6520"}],"wp:attachment":[{"href":"https:\/\/webdealta.info\/index.php?rest_route=%2Fwp%2Fv2%2Fmedia&parent=6519"}],"wp:term":[{"taxonomy":"category","embeddable":true,"href":"https:\/\/webdealta.info\/index.php?rest_route=%2Fwp%2Fv2%2Fcategories&post=6519"},{"taxonomy":"post_tag","embeddable":true,"href":"https:\/\/webdealta.info\/index.php?rest_route=%2Fwp%2Fv2%2Ftags&post=6519"}],"curies":[{"name":"wp","href":"https:\/\/api.w.org\/{rel}","templated":true}]}}