{"id":6510,"date":"2023-02-28T19:51:13","date_gmt":"2023-02-28T23:51:13","guid":{"rendered":"https:\/\/webdealta.info\/?p=6510"},"modified":"2023-02-28T19:51:14","modified_gmt":"2023-02-28T23:51:14","slug":"el-poder-de-conocimiento-fechas-destacadas-la-primera-semana-de-marzo","status":"publish","type":"post","link":"https:\/\/webdealta.info\/?p=6510","title":{"rendered":"El Poder de Conocimiento: fechas destacadas la primera semana de marzo"},"content":{"rendered":"\n<p>Amanda Saldivia.-<\/p>\n\n\n\n<p>En Altagracia de Orituco resaltan tres fechas importantes en la primera semana de marzo. Justamente el primero del mes se cumplen 329 a\u00f1os del acto p\u00fablico en el cual se oficializ\u00f3 la entrega de tierras a los indios Guaiquer\u00edes, comandados por el cacique Don Felipe Chapaiguana.<\/p>\n\n\n\n<p>Es que, de acuerdo a la investigaci\u00f3n del cronista de la ciudad, Dr. Carlos L\u00f3pez Garces, el primero de marzo de 1694, el cacique Chapaiguana y otros ind\u00edgenas de esta zona, se reunieron en el poblado San Miguel del Rosario.<\/p>\n\n\n\n<p>Ah\u00ed, el capit\u00e1n Nicolas Garmendia, Alf\u00e9rez Real y alcalde Ordinario de San Sebasti\u00e1n de los Reyes, en nombre del Rey de Espa\u00f1a, les adjudic\u00f3 las tierras y ese fue el punto de partida para la constituci\u00f3n de Altagracia de Orituco.<\/p>\n\n\n\n<p>Otra acontecimiento importante destac\u00f3 el primero de marzo, pero en el a\u00f1o 1956, fecha en la cual fue inaugurado el grupo escolar Jos\u00e9 Ram\u00f3n Camejo, edificaci\u00f3n que distingue a este poblado y que fue lograda gracias a las gestiones de gracitanos, entre ellos comerciantes y productores agropecuarios, quienes, por medio de relaciones con los gobernantes de turno, consiguieron esta emblem\u00e1tica obra para Altagracia, la cual lleva el ep\u00f3nimo de un noble maestro venezolano, que naci\u00f3 en Chaparral, estado Anzo\u00e1tegui.<\/p>\n\n\n\n<p>Tambi\u00e9n la primera semana marzo, resalta otra fecha de relevancia. El dos se cumplen 50 a\u00f1os de la fundaci\u00f3n de la C\u00e1mara de Comercio, Industria y Producci\u00f3n del municipio Jos\u00e9 Tadeo Monagas, con sede en Altagracia de Orituco.<\/p>\n\n\n\n<p>De esa fecha, el se\u00f1or Erasmo Padilla, fundador y quien integr\u00f3 la primera directiva, recuerda que se reunieron 19 comerciantes de esa regi\u00f3n, para discutir sobre la necesidad de fortalecer el gremio y canalizar solicitudes que mejorar\u00e1n las condiciones generales de este poblado.<\/p>\n\n\n\n<p>El dos de marzo de 1973, se constituy\u00f3 la primera directiva, la cual estuvo presidida por el ingeniero Luis Segundo Romero. El se\u00f1or Erasmo Padilla fue el Secretario. La sede era precisamente la oficina de su propiedad, conocida como comercial Mollado, que quedaba cerca de la plaza Bol\u00edvar.<\/p>\n\n\n\n<p>As\u00ed que sint\u00e1monos orgullosos de nuestras ra\u00edces, comenzando por los Guaiquer\u00edes, pobladores originarios de esta tierra; seguido de tantos ejemplos de ciudadanos, que unidos, llevaron adelante las gestiones para la construcci\u00f3n del imponente grupo escolar Jos\u00e9 Ram\u00f3n Camejo y de la s\u00f3lida C\u00e1mara de Comercio, Industria y Producci\u00f3n, que arriba a 50 a\u00f1os en pro del desarrollo de esta regi\u00f3n orituque\u00f1a.<\/p>\n\n\n\n<p>Ese es el tema de la semana, en la serie de micros El Poder de Conocimiento, iniciativa de Promasorca, a los fines de enriquecer los saberes con curiosidades, an\u00e9cdotas e historias interesantes de nuestra regi\u00f3n orituque\u00f1a y del mundo.<\/p>\n\n\n\n<p>@amandasaldivia   <\/p>\n\n\n\n<p><\/p>\n","protected":false},"excerpt":{"rendered":"<p>Amanda Saldivia.- En Altagracia de Orituco resaltan tres fechas importantes en la primera semana de marzo. Justamente el primero del mes se cumplen 329 a\u00f1os del acto p\u00fablico en el cual se oficializ\u00f3 la entrega de tierras a los indios Guaiquer\u00edes, comandados por el cacique Don Felipe Chapaiguana. Es que,<\/p>\n","protected":false},"author":2,"featured_media":6511,"comment_status":"open","ping_status":"open","sticky":false,"template":"","format":"standard","meta":{"advanced_seo_description":"","jetpack_seo_html_title":"","jetpack_seo_noindex":false,"_jetpack_memberships_contains_paid_content":false,"footnotes":"","jetpack_publicize_message":"","jetpack_publicize_feature_enabled":true,"jetpack_social_post_already_shared":true,"jetpack_social_options":{"image_generator_settings":{"template":"highway","enabled":false},"version":2}},"categories":[302],"tags":[8,7,32],"class_list":["post-6510","post","type-post","status-publish","format-standard","has-post-thumbnail","hentry","category-el-poder-del-conocimiento","tag-altagraciadeorituco","tag-guarico","tag-webdealta",""],"jetpack_publicize_connections":[],"jetpack_featured_media_url":"https:\/\/webdealta.info\/wp-content\/uploads\/2023\/02\/altagracia-el-poder-del-conocimiento-webdealta.png","jetpack_sharing_enabled":true,"jetpack_likes_enabled":true,"jetpack-related-posts":[],"jetpack_shortlink":"https:\/\/wp.me\/pcseDn-1H0","_links":{"self":[{"href":"https:\/\/webdealta.info\/index.php?rest_route=\/wp\/v2\/posts\/6510","targetHints":{"allow":["GET"]}}],"collection":[{"href":"https:\/\/webdealta.info\/index.php?rest_route=\/wp\/v2\/posts"}],"about":[{"href":"https:\/\/webdealta.info\/index.php?rest_route=\/wp\/v2\/types\/post"}],"author":[{"embeddable":true,"href":"https:\/\/webdealta.info\/index.php?rest_route=\/wp\/v2\/users\/2"}],"replies":[{"embeddable":true,"href":"https:\/\/webdealta.info\/index.php?rest_route=%2Fwp%2Fv2%2Fcomments&post=6510"}],"version-history":[{"count":1,"href":"https:\/\/webdealta.info\/index.php?rest_route=\/wp\/v2\/posts\/6510\/revisions"}],"predecessor-version":[{"id":6512,"href":"https:\/\/webdealta.info\/index.php?rest_route=\/wp\/v2\/posts\/6510\/revisions\/6512"}],"wp:featuredmedia":[{"embeddable":true,"href":"https:\/\/webdealta.info\/index.php?rest_route=\/wp\/v2\/media\/6511"}],"wp:attachment":[{"href":"https:\/\/webdealta.info\/index.php?rest_route=%2Fwp%2Fv2%2Fmedia&parent=6510"}],"wp:term":[{"taxonomy":"category","embeddable":true,"href":"https:\/\/webdealta.info\/index.php?rest_route=%2Fwp%2Fv2%2Fcategories&post=6510"},{"taxonomy":"post_tag","embeddable":true,"href":"https:\/\/webdealta.info\/index.php?rest_route=%2Fwp%2Fv2%2Ftags&post=6510"}],"curies":[{"name":"wp","href":"https:\/\/api.w.org\/{rel}","templated":true}]}}