{"id":6506,"date":"2023-02-27T22:46:53","date_gmt":"2023-02-28T02:46:53","guid":{"rendered":"https:\/\/webdealta.info\/?p=6506"},"modified":"2023-02-27T22:46:54","modified_gmt":"2023-02-28T02:46:54","slug":"celebraran-en-grande-los-50-anos-de-la-camara-de-comercio","status":"publish","type":"post","link":"https:\/\/webdealta.info\/?p=6506","title":{"rendered":"Celebrar\u00e1n en grande los 50 a\u00f1os de la C\u00e1mara de Comercio"},"content":{"rendered":"\n<p>Amanda Saldivia.-<\/p>\n\n\n\n<p>Los 50 a\u00f1os de fundaci\u00f3n de la C\u00e1mara de Comercio, Industria y Producci\u00f3n del municipio Monagas, ser\u00e1 celebrado en grande el pr\u00f3ximo jueves 2 de marzo, fecha en la cual se reunir\u00e1 el gremio para estrechar lazos, en medio de una programaci\u00f3n que incluye Santa Misa, caravana y el cierra con un evento de m\u00fasica llanera, en la sede de esa instituci\u00f3n, ubicada en Altagracia de Orituco.<\/p>\n\n\n\n<p>Los detalles fueron compartidos, este lunes 27 de febrero, por parte de la directiva de la C\u00e1mara, encabezada por Pablo Rojas, quienes fueron invitados al programa Tiempo de Cambios que se transmite a trav\u00e9s de la emisora Activa 104.9 FM, y el cual es conducido por la redactora de esta nota de prensa.<\/p>\n\n\n\n<p>Adem\u00e1s del presidente del mencionado gremio, estuvieron expresidentes y directivos, entre ellos Eduardo Naranjo, R\u00f3mulo Laya, Jacher Jabana y Abel Bandres, quienes compartieron datos sobre la fundaci\u00f3n de la C\u00e1mara de Comercio el 2 de marzo de 1973, adem\u00e1s de contar an\u00e9cdotas sobre el trabajo emprendido y la necesidad de fortalecerlo con la necesaria inclusi\u00f3n de otros comerciantes y emprendedores.<\/p>\n\n\n\n<p>Sobre los detalles de la programaci\u00f3n que cumplir\u00e1n el pr\u00f3ximo jueves, Pablo Rojas precis\u00f3 que inician con cohetes a las 7:00 am, a las 9:00 am ser\u00e1 la Santa Misa en la Iglesia Nuestra Se\u00f1ora de Altagracia; seguidamente ofrenda floral ante el Padre de la Patria y caravana, aproximadamente a las 10:30 am.<\/p>\n\n\n\n<p>Respecto a la actividad festiva en la sede de la C\u00e1mara, dijo que est\u00e1 prevista a partir de las 3:00 pm con actividades para los ni\u00f1os; para luego inaugurar la galer\u00eda de expresidentes, a las 6:30 pm cantar cumplea\u00f1os por los 50 a\u00f1os de la instituci\u00f3n; a las 7:00 pm el sorteo de la motocicleta; y espect\u00e1culo pirot\u00e9cnico a las 7:30 pm.<\/p>\n\n\n\n<p>El cierre ser\u00e1 con un evento llanero, cuya organizaci\u00f3n est\u00e1 a cargo de Jacher Jabana, directivo y compositor de m\u00fasica venezolana, quien ya confirm\u00f3 la presencia de Antonio Pi\u00f1ango y Jos\u00e9 Gregorio Utrera, entre otros artistas locales.<\/p>\n\n\n\n<p>@amandasaldivia  <\/p>\n\n\n\n<p><\/p>\n","protected":false},"excerpt":{"rendered":"<p>Amanda Saldivia.- Los 50 a\u00f1os de fundaci\u00f3n de la C\u00e1mara de Comercio, Industria y Producci\u00f3n del municipio Monagas, ser\u00e1 celebrado en grande el pr\u00f3ximo jueves 2 de marzo, fecha en la cual se reunir\u00e1 el gremio para estrechar lazos, en medio de una programaci\u00f3n que incluye Santa Misa, caravana y<\/p>\n","protected":false},"author":2,"featured_media":6507,"comment_status":"open","ping_status":"open","sticky":false,"template":"","format":"standard","meta":{"advanced_seo_description":"","jetpack_seo_html_title":"","jetpack_seo_noindex":false,"_jetpack_memberships_contains_paid_content":false,"footnotes":"","jetpack_publicize_message":"","jetpack_publicize_feature_enabled":true,"jetpack_social_post_already_shared":true,"jetpack_social_options":{"image_generator_settings":{"template":"highway","enabled":false},"version":2}},"categories":[117],"tags":[8,7,32],"class_list":["post-6506","post","type-post","status-publish","format-standard","has-post-thumbnail","hentry","category-celebracion","tag-altagraciadeorituco","tag-guarico","tag-webdealta",""],"jetpack_publicize_connections":[],"jetpack_featured_media_url":"https:\/\/webdealta.info\/wp-content\/uploads\/2023\/02\/camara-webdealta.png","jetpack_sharing_enabled":true,"jetpack_likes_enabled":true,"jetpack-related-posts":[],"jetpack_shortlink":"https:\/\/wp.me\/pcseDn-1GW","_links":{"self":[{"href":"https:\/\/webdealta.info\/index.php?rest_route=\/wp\/v2\/posts\/6506","targetHints":{"allow":["GET"]}}],"collection":[{"href":"https:\/\/webdealta.info\/index.php?rest_route=\/wp\/v2\/posts"}],"about":[{"href":"https:\/\/webdealta.info\/index.php?rest_route=\/wp\/v2\/types\/post"}],"author":[{"embeddable":true,"href":"https:\/\/webdealta.info\/index.php?rest_route=\/wp\/v2\/users\/2"}],"replies":[{"embeddable":true,"href":"https:\/\/webdealta.info\/index.php?rest_route=%2Fwp%2Fv2%2Fcomments&post=6506"}],"version-history":[{"count":1,"href":"https:\/\/webdealta.info\/index.php?rest_route=\/wp\/v2\/posts\/6506\/revisions"}],"predecessor-version":[{"id":6508,"href":"https:\/\/webdealta.info\/index.php?rest_route=\/wp\/v2\/posts\/6506\/revisions\/6508"}],"wp:featuredmedia":[{"embeddable":true,"href":"https:\/\/webdealta.info\/index.php?rest_route=\/wp\/v2\/media\/6507"}],"wp:attachment":[{"href":"https:\/\/webdealta.info\/index.php?rest_route=%2Fwp%2Fv2%2Fmedia&parent=6506"}],"wp:term":[{"taxonomy":"category","embeddable":true,"href":"https:\/\/webdealta.info\/index.php?rest_route=%2Fwp%2Fv2%2Fcategories&post=6506"},{"taxonomy":"post_tag","embeddable":true,"href":"https:\/\/webdealta.info\/index.php?rest_route=%2Fwp%2Fv2%2Ftags&post=6506"}],"curies":[{"name":"wp","href":"https:\/\/api.w.org\/{rel}","templated":true}]}}