{"id":6502,"date":"2023-02-27T22:03:28","date_gmt":"2023-02-28T02:03:28","guid":{"rendered":"https:\/\/webdealta.info\/?p=6502"},"modified":"2023-02-27T22:03:29","modified_gmt":"2023-02-28T02:03:29","slug":"con-cantos-gremio-educativo-exigio-ajuste-salarial","status":"publish","type":"post","link":"https:\/\/webdealta.info\/?p=6502","title":{"rendered":"Con cantos gremio educativo exigi\u00f3 ajuste salarial"},"content":{"rendered":"\n<p>Amanda Saldivia.-<\/p>\n\n\n\n<p>La creatividad del gremio educativo se puso una vez m\u00e1s de manifiesto, cuando en medio de una actividad que llev\u00f3 por nombre Expr\u00e9sate Cantando, entonaron temas de la tradici\u00f3n orituque\u00f1a de guara\u00f1as y mariselas, para denunciar la situaci\u00f3n que atraviesan y exigir que el patrono haga los ajustes de acuerdo al art\u00edculo 91 de la Constituci\u00f3n de la Rep\u00fablica Bolivariana de Venezuela.<\/p>\n\n\n\n<p>La jornada de protesta se realiz\u00f3 en la ma\u00f1ana de este lunes 27 de febrero, en el parque Sucre de Altagracia de Orituco, lugar donde se congregaron trabajadores del sector educativo para dar continuidad a las acciones de calle, en pro de visibilizar la situaci\u00f3n que atraviesan.<\/p>\n\n\n\n<p>El coro del tema folkl\u00f3rico dec\u00eda \u201ctengo derecho, oiga patr\u00f3n, n\u00famero 91 de nuestra Constituci\u00f3n\u201d, seguido de versos tales como, \u201cAh\u00ed dice claramente que deben garantizar, la dignidad del pueblo cuando salen a luchar\u201d y otro \u201cLe digo a mis estudiantes que he salido a reclamar, eso es algo que nosotros le debemos ense\u00f1ar\u201d.<\/p>\n\n\n\n<p>As\u00ed transcurri\u00f3 la protesta del gremio educativo, en la cual resalt\u00f3 un buz\u00f3n de sugerencias disponible para conocer la opini\u00f3n sobre qu\u00e9 otras acciones pueden coordinar en favor de que la protesta se mantenga en el tiempo, hasta que el patrono acuerde con las Federaciones el ajuste de las distintas escalas salariales y otras reivindicaciones.<\/p>\n\n\n\n<p>@amandasaldivia   <\/p>\n\n\n\n<p><\/p>\n","protected":false},"excerpt":{"rendered":"<p>Amanda Saldivia.- La creatividad del gremio educativo se puso una vez m\u00e1s de manifiesto, cuando en medio de una actividad que llev\u00f3 por nombre Expr\u00e9sate Cantando, entonaron temas de la tradici\u00f3n orituque\u00f1a de guara\u00f1as y mariselas, para denunciar la situaci\u00f3n que atraviesan y exigir que el patrono haga los ajustes<\/p>\n","protected":false},"author":2,"featured_media":6503,"comment_status":"open","ping_status":"open","sticky":false,"template":"","format":"standard","meta":{"advanced_seo_description":"","jetpack_seo_html_title":"","jetpack_seo_noindex":false,"_jetpack_memberships_contains_paid_content":false,"footnotes":"","jetpack_publicize_message":"","jetpack_publicize_feature_enabled":true,"jetpack_social_post_already_shared":true,"jetpack_social_options":{"image_generator_settings":{"template":"highway","enabled":false},"version":2}},"categories":[14],"tags":[8,7,32],"class_list":["post-6502","post","type-post","status-publish","format-standard","has-post-thumbnail","hentry","category-protesta","tag-altagraciadeorituco","tag-guarico","tag-webdealta",""],"jetpack_publicize_connections":[],"jetpack_featured_media_url":"https:\/\/webdealta.info\/wp-content\/uploads\/2023\/02\/protesta-gremio-educativo-webdealta-lunes-17.png","jetpack_sharing_enabled":true,"jetpack_likes_enabled":true,"jetpack-related-posts":[],"jetpack_shortlink":"https:\/\/wp.me\/pcseDn-1GS","_links":{"self":[{"href":"https:\/\/webdealta.info\/index.php?rest_route=\/wp\/v2\/posts\/6502","targetHints":{"allow":["GET"]}}],"collection":[{"href":"https:\/\/webdealta.info\/index.php?rest_route=\/wp\/v2\/posts"}],"about":[{"href":"https:\/\/webdealta.info\/index.php?rest_route=\/wp\/v2\/types\/post"}],"author":[{"embeddable":true,"href":"https:\/\/webdealta.info\/index.php?rest_route=\/wp\/v2\/users\/2"}],"replies":[{"embeddable":true,"href":"https:\/\/webdealta.info\/index.php?rest_route=%2Fwp%2Fv2%2Fcomments&post=6502"}],"version-history":[{"count":1,"href":"https:\/\/webdealta.info\/index.php?rest_route=\/wp\/v2\/posts\/6502\/revisions"}],"predecessor-version":[{"id":6504,"href":"https:\/\/webdealta.info\/index.php?rest_route=\/wp\/v2\/posts\/6502\/revisions\/6504"}],"wp:featuredmedia":[{"embeddable":true,"href":"https:\/\/webdealta.info\/index.php?rest_route=\/wp\/v2\/media\/6503"}],"wp:attachment":[{"href":"https:\/\/webdealta.info\/index.php?rest_route=%2Fwp%2Fv2%2Fmedia&parent=6502"}],"wp:term":[{"taxonomy":"category","embeddable":true,"href":"https:\/\/webdealta.info\/index.php?rest_route=%2Fwp%2Fv2%2Fcategories&post=6502"},{"taxonomy":"post_tag","embeddable":true,"href":"https:\/\/webdealta.info\/index.php?rest_route=%2Fwp%2Fv2%2Ftags&post=6502"}],"curies":[{"name":"wp","href":"https:\/\/api.w.org\/{rel}","templated":true}]}}