{"id":6494,"date":"2023-02-26T12:23:22","date_gmt":"2023-02-26T16:23:22","guid":{"rendered":"https:\/\/webdealta.info\/?p=6494"},"modified":"2023-02-26T12:23:23","modified_gmt":"2023-02-26T16:23:23","slug":"fallecio-trabajador-del-campo-en-accidente-de-transito","status":"publish","type":"post","link":"https:\/\/webdealta.info\/?p=6494","title":{"rendered":"Falleci\u00f3 trabajador del campo en accidente de tr\u00e1nsito"},"content":{"rendered":"\n<p>Amanda Saldivia.-<\/p>\n\n\n\n<p>Como Jes\u00fas Antonio Navas Herrera de 31 a\u00f1os de edad, fue identificado el trabajador del campo que falleci\u00f3 tras perder el control de la motocicleta que conduc\u00eda, momentos cuando se desplazaba por la v\u00eda de La Morita, caser\u00edo de la parroquia Lezama, municipio Jos\u00e9 Tadeo Monagas, Gu\u00e1rico.<\/p>\n\n\n\n<p>El accidente, registrado en la noche del pasado viernes 24 de febrero, fue rese\u00f1ado por el Servicio de Tr\u00e1nsito Terrestre de la Polic\u00eda Nacional Bolivariana, estaci\u00f3n a cargo del comisario jefe Julio Correa.<\/p>\n\n\n\n<p>Por esa v\u00eda trascendi\u00f3, que el conductor perdi\u00f3 el control de la motocicleta, marca Bera, modelo SBR 150 cc, color azul, placas AS8K35A, que conduc\u00eda e impact\u00f3 con la cerca perimetral de una finca, lesi\u00f3n que le ocasion\u00f3 la muerte.<\/p>\n\n\n\n<p>El cuerpo fue trasladado a la morgue del hospital Dr. Jos\u00e9 Francisco Torrealba en la unidad del Cuerpo de Bomberos.<\/p>\n\n\n\n<p>@amandasaldivia    <\/p>\n\n\n\n<p><\/p>\n","protected":false},"excerpt":{"rendered":"<p>Amanda Saldivia.- Como Jes\u00fas Antonio Navas Herrera de 31 a\u00f1os de edad, fue identificado el trabajador del campo que falleci\u00f3 tras perder el control de la motocicleta que conduc\u00eda, momentos cuando se desplazaba por la v\u00eda de La Morita, caser\u00edo de la parroquia Lezama, municipio Jos\u00e9 Tadeo Monagas, Gu\u00e1rico. El<\/p>\n","protected":false},"author":2,"featured_media":6495,"comment_status":"open","ping_status":"open","sticky":false,"template":"","format":"standard","meta":{"advanced_seo_description":"","jetpack_seo_html_title":"","jetpack_seo_noindex":false,"_jetpack_memberships_contains_paid_content":false,"footnotes":"","jetpack_publicize_message":"","jetpack_publicize_feature_enabled":true,"jetpack_social_post_already_shared":true,"jetpack_social_options":{"image_generator_settings":{"template":"highway","enabled":false},"version":2}},"categories":[159],"tags":[8,7,32],"class_list":["post-6494","post","type-post","status-publish","format-standard","has-post-thumbnail","hentry","category-accidente","tag-altagraciadeorituco","tag-guarico","tag-webdealta",""],"jetpack_publicize_connections":[],"jetpack_featured_media_url":"https:\/\/webdealta.info\/wp-content\/uploads\/2023\/02\/accidente-en-la-motira-webdealta.png","jetpack_sharing_enabled":true,"jetpack_likes_enabled":true,"jetpack-related-posts":[],"jetpack_shortlink":"https:\/\/wp.me\/pcseDn-1GK","_links":{"self":[{"href":"https:\/\/webdealta.info\/index.php?rest_route=\/wp\/v2\/posts\/6494","targetHints":{"allow":["GET"]}}],"collection":[{"href":"https:\/\/webdealta.info\/index.php?rest_route=\/wp\/v2\/posts"}],"about":[{"href":"https:\/\/webdealta.info\/index.php?rest_route=\/wp\/v2\/types\/post"}],"author":[{"embeddable":true,"href":"https:\/\/webdealta.info\/index.php?rest_route=\/wp\/v2\/users\/2"}],"replies":[{"embeddable":true,"href":"https:\/\/webdealta.info\/index.php?rest_route=%2Fwp%2Fv2%2Fcomments&post=6494"}],"version-history":[{"count":1,"href":"https:\/\/webdealta.info\/index.php?rest_route=\/wp\/v2\/posts\/6494\/revisions"}],"predecessor-version":[{"id":6496,"href":"https:\/\/webdealta.info\/index.php?rest_route=\/wp\/v2\/posts\/6494\/revisions\/6496"}],"wp:featuredmedia":[{"embeddable":true,"href":"https:\/\/webdealta.info\/index.php?rest_route=\/wp\/v2\/media\/6495"}],"wp:attachment":[{"href":"https:\/\/webdealta.info\/index.php?rest_route=%2Fwp%2Fv2%2Fmedia&parent=6494"}],"wp:term":[{"taxonomy":"category","embeddable":true,"href":"https:\/\/webdealta.info\/index.php?rest_route=%2Fwp%2Fv2%2Fcategories&post=6494"},{"taxonomy":"post_tag","embeddable":true,"href":"https:\/\/webdealta.info\/index.php?rest_route=%2Fwp%2Fv2%2Ftags&post=6494"}],"curies":[{"name":"wp","href":"https:\/\/api.w.org\/{rel}","templated":true}]}}