{"id":6490,"date":"2023-02-24T21:34:44","date_gmt":"2023-02-25T01:34:44","guid":{"rendered":"https:\/\/webdealta.info\/?p=6490"},"modified":"2023-02-24T21:34:46","modified_gmt":"2023-02-25T01:34:46","slug":"fallecio-nino-en-accidente-de-transito-y-hubo-otros-cinco-lesionados","status":"publish","type":"post","link":"https:\/\/webdealta.info\/?p=6490","title":{"rendered":"Falleci\u00f3 ni\u00f1o en accidente de tr\u00e1nsito y hubo otros cinco lesionados"},"content":{"rendered":"\n<p>Amanda Saldivia.-<\/p>\n\n\n\n<p>Un ni\u00f1o de 11 a\u00f1os de edad falleci\u00f3 y otras cinco personas resultaron lesionadas, en un accidente de tr\u00e1nsito que se registr\u00f3 en la carretera v\u00eda San Francisco de Macaira, en la tarde de este viernes 24 de febrero, cuando por un desperfecto mec\u00e1nico el veh\u00edculo en el cual se trasladaban volc\u00f3 a la altura del caser\u00edo La Loma.<\/p>\n\n\n\n<p>De acuerdo al reporte preliminar del servicio de Tr\u00e1nsito Terrestre de la Polic\u00eda Nacional Bolivariana del municipio Monagas, a cargo del comisario jefe Julio Correa, el chofer de la unidad tipo volteo, marca Ford, report\u00f3 que el veh\u00edculo perdi\u00f3 los frenos, impact\u00f3 contra el cerro lateral de la carretera y se produjo el volcamiento.<\/p>\n\n\n\n<p>Esto trajo como consecuencia que el ni\u00f1o, identificado con el nombre de Gabriel Eduardo Cornejo Hern\u00e1ndez, saliera expelido de la unidad y falleci\u00f3 en el lugar, mientras el resto de los acompa\u00f1antes, de un mismo grupo familiar resultaran lesionados; al igual que el chofer del veh\u00edculo. Todos fueron trasladados al hospital Dr. Jos\u00e9 Francisco Torrealba de Altagracia de Orituco.<\/p>\n\n\n\n<p>Adem\u00e1s de la comisi\u00f3n de la PNB, estuvieron en el lugar para el traslado de los heridos, comisiones de Protecci\u00f3n Civil y del Cuerpo de Bomberos Mayor Andr\u00e9 Fourneau, este \u00faltimo comandado por el coronel Denis Dur\u00e1n, quien suministr\u00f3 los nombres y el tipo de lesiones sufridas por los ocupantes del veh\u00edculo.<\/p>\n\n\n\n<p>Conductor:<\/p>\n\n\n\n<ul class=\"wp-block-list\">\n<li>Hernaldo Colmenares (46 a\u00f1os), escoriaciones y herida abierta a nivel parietal.<\/li>\n<\/ul>\n\n\n\n<p>Pasajeros: &nbsp;<\/p>\n\n\n\n<ul class=\"wp-block-list\">\n<li>Genesis Karina Cornejo Hern\u00e1ndez (30 a\u00f1os) posible traumatismo craneoencef\u00e1lico.<\/li>\n\n\n\n<li>Jos\u00e9 Rafael Guipe (44 a\u00f1os), escoriaciones.<\/li>\n\n\n\n<li>Alexandra del Carmen Urbina Cornejo (9 a\u00f1os), politraumatismo generalizado.<\/li>\n\n\n\n<li>Yoneisis del Carmen Calder\u00f3n Cornejo (12 a\u00f1os), traumatismo craneoencef\u00e1lico y metatarsiano.<\/li>\n<\/ul>\n\n\n\n<p>Se conoci\u00f3, que esta familia es oriunda del sector El Trabuco de Macaira. Al parecer iban con la mudanza para en ese poblado del municipio Monagas, luego de haber estado residenciados en Altagracia.<\/p>\n\n\n\n<p>@amandasaldivia<\/p>\n\n\n\n<p>Foto: cortes\u00eda   <\/p>\n\n\n\n<p><\/p>\n","protected":false},"excerpt":{"rendered":"<p>Amanda Saldivia.- Un ni\u00f1o de 11 a\u00f1os de edad falleci\u00f3 y otras cinco personas resultaron lesionadas, en un accidente de tr\u00e1nsito que se registr\u00f3 en la carretera v\u00eda San Francisco de Macaira, en la tarde de este viernes 24 de febrero, cuando por un desperfecto mec\u00e1nico el veh\u00edculo en el<\/p>\n","protected":false},"author":2,"featured_media":6491,"comment_status":"open","ping_status":"open","sticky":false,"template":"","format":"standard","meta":{"advanced_seo_description":"","jetpack_seo_html_title":"","jetpack_seo_noindex":false,"_jetpack_memberships_contains_paid_content":false,"footnotes":"","jetpack_publicize_message":"","jetpack_publicize_feature_enabled":true,"jetpack_social_post_already_shared":true,"jetpack_social_options":{"image_generator_settings":{"template":"highway","enabled":false},"version":2}},"categories":[234],"tags":[8,7,32],"class_list":["post-6490","post","type-post","status-publish","format-standard","has-post-thumbnail","hentry","category-sucesos","tag-altagraciadeorituco","tag-guarico","tag-webdealta",""],"jetpack_publicize_connections":[],"jetpack_featured_media_url":"https:\/\/webdealta.info\/wp-content\/uploads\/2023\/02\/accidente-webdealta-macaira.png","jetpack_sharing_enabled":true,"jetpack_likes_enabled":true,"jetpack-related-posts":[],"jetpack_shortlink":"https:\/\/wp.me\/pcseDn-1GG","_links":{"self":[{"href":"https:\/\/webdealta.info\/index.php?rest_route=\/wp\/v2\/posts\/6490","targetHints":{"allow":["GET"]}}],"collection":[{"href":"https:\/\/webdealta.info\/index.php?rest_route=\/wp\/v2\/posts"}],"about":[{"href":"https:\/\/webdealta.info\/index.php?rest_route=\/wp\/v2\/types\/post"}],"author":[{"embeddable":true,"href":"https:\/\/webdealta.info\/index.php?rest_route=\/wp\/v2\/users\/2"}],"replies":[{"embeddable":true,"href":"https:\/\/webdealta.info\/index.php?rest_route=%2Fwp%2Fv2%2Fcomments&post=6490"}],"version-history":[{"count":1,"href":"https:\/\/webdealta.info\/index.php?rest_route=\/wp\/v2\/posts\/6490\/revisions"}],"predecessor-version":[{"id":6492,"href":"https:\/\/webdealta.info\/index.php?rest_route=\/wp\/v2\/posts\/6490\/revisions\/6492"}],"wp:featuredmedia":[{"embeddable":true,"href":"https:\/\/webdealta.info\/index.php?rest_route=\/wp\/v2\/media\/6491"}],"wp:attachment":[{"href":"https:\/\/webdealta.info\/index.php?rest_route=%2Fwp%2Fv2%2Fmedia&parent=6490"}],"wp:term":[{"taxonomy":"category","embeddable":true,"href":"https:\/\/webdealta.info\/index.php?rest_route=%2Fwp%2Fv2%2Fcategories&post=6490"},{"taxonomy":"post_tag","embeddable":true,"href":"https:\/\/webdealta.info\/index.php?rest_route=%2Fwp%2Fv2%2Ftags&post=6490"}],"curies":[{"name":"wp","href":"https:\/\/api.w.org\/{rel}","templated":true}]}}