{"id":6486,"date":"2023-02-23T21:36:33","date_gmt":"2023-02-24T01:36:33","guid":{"rendered":"https:\/\/webdealta.info\/?p=6486"},"modified":"2023-02-23T21:36:35","modified_gmt":"2023-02-24T01:36:35","slug":"guarico-reporto-97-mil-temporadistas-durante-los-carnavales","status":"publish","type":"post","link":"https:\/\/webdealta.info\/?p=6486","title":{"rendered":"<strong>Gu\u00e1rico report\u00f3 97 mil temporadistas durante los carnavales<\/strong>"},"content":{"rendered":"\n<p>M\u00e1s de 97 mil temporadistas fue el n\u00famero registrado en el estado Gu\u00e1rico durante los Carnavales Felices y Seguros 2023, los cuales disfrutaron de la planificaci\u00f3n cultural y recreativa preparada por el Gobierno Bolivariano en la entidad llanera, adem\u00e1s de disponer de espacios naturales como r\u00edos y balnearios para el turismo de los mismos.<\/p>\n\n\n\n<p>Dicha cifra fue anunciada por el gobernador guarique\u00f1o Jos\u00e9 V\u00e1squez durante un encuentro con los medios de comunicaci\u00f3n en la entidad, en el cual ofreci\u00f3 un balance positivo del asueto en este territorio donde se logr\u00f3 incrementar en un 105.8% la movilizaci\u00f3n de personas a comparaci\u00f3n del a\u00f1o 2022 donde se registraron alrededor de 47 mil personas, adem\u00e1s de incrementar en un 47% el n\u00famero de actividades culturales que alcanzaron las 276.<\/p>\n\n\n\n<p>En este contexto, V\u00e1squez resalt\u00f3 que durante la semana una de las celebraciones que concentr\u00f3 mayor n\u00famero de personas correspondi\u00f3 a la edici\u00f3n quincuag\u00e9sima s\u00e9ptima (57) de los Carnavales y la n\u00famero 30 de las Ferias Agrotur\u00edsticas del municipio Pedro Zaraza con m\u00e1s de 42.580 visitantes, donde adem\u00e1s de encontrarse con elementos culturales tambi\u00e9n se expuso el potencial pecuario de este eje de la entidad llanera, fomentando el encuentro e intercambio dentro del sector productivo.<\/p>\n\n\n\n<p>Como segundo punto, le sigue el Balneario R\u00edo Verde en el municipio Ortiz con m\u00e1s de 17.600 visitantes; mientras que en el municipio Juan Germ\u00e1n Roscio Nieves entre el Balneario El Castrero y Hotel Aguas Termales &amp; Spa unos 16.922 temporadistas.<\/p>\n\n\n\n<p>De igual forma, se destac\u00f3 el dinamismo econ\u00f3mico generado con la presencia de m\u00e1s de 460 emprendedores que presentaron dulcer\u00eda criolla y platos t\u00edpicos en cada uno de los espacios.<\/p>\n\n\n\n<p>&nbsp;En materia de seguridad ciudadana, el Mandatario Regional destac\u00f3 la eficacia del dispositivo de seguridad durante el asueto, brindando respuestas inmediatas a los acontecimientos presentados, dando as\u00ed tranquilidad a las familias en 73 puntos de control permanente y sitios tur\u00edsticos, teniendo activos m\u00e1s de 5 mil efectivos de seguridad, 270 veh\u00edculos, 5 embarcaciones y 35 ambulancias a disposici\u00f3n para el resguardo y prevenci\u00f3n.<\/p>\n\n\n\n<p><strong>\u00a1Preparados para la Semana Mayor!<\/strong><\/p>\n\n\n\n<p>En este contexto, el gobernador Jos\u00e9 V\u00e1squez junto al gabinete de seguridad de la entidad y miembros del equipo de gobierno, anunci\u00f3 que ya se encuentra una comisi\u00f3n regional encargada de elaborar la ruta propicia para la celebraci\u00f3n de la Semana Santa en la entidad, abordando aspectos religiosos, culturales y tur\u00edsticos para el compartir en familia.<\/p>\n\n\n\n<p>Mencion\u00f3 que dentro de las estrategias se estar\u00e1n reforzando los dispositivos de seguridad en las iglesias que efectuar\u00e1n las tradicionales misas y procesiones, adem\u00e1s de prever la ejecuci\u00f3n de conciertos en el aspecto cultural con tem\u00e1tica cristiana, competencias deportivas entre otros.<\/p>\n\n\n\n<p>Sibci-Gu\u00e1rico<\/p>\n\n\n\n<p><\/p>\n","protected":false},"excerpt":{"rendered":"<p>M\u00e1s de 97 mil temporadistas fue el n\u00famero registrado en el estado Gu\u00e1rico durante los Carnavales Felices y Seguros 2023, los cuales disfrutaron de la planificaci\u00f3n cultural y recreativa preparada por el Gobierno Bolivariano en la entidad llanera, adem\u00e1s de disponer de espacios naturales como r\u00edos y balnearios para el<\/p>\n","protected":false},"author":2,"featured_media":6487,"comment_status":"open","ping_status":"open","sticky":false,"template":"","format":"standard","meta":{"advanced_seo_description":"","jetpack_seo_html_title":"","jetpack_seo_noindex":false,"_jetpack_memberships_contains_paid_content":false,"footnotes":"","jetpack_publicize_message":"","jetpack_publicize_feature_enabled":true,"jetpack_social_post_already_shared":true,"jetpack_social_options":{"image_generator_settings":{"template":"highway","enabled":false},"version":2}},"categories":[334],"tags":[8,7,32],"class_list":["post-6486","post","type-post","status-publish","format-standard","has-post-thumbnail","hentry","category-carnaval-2023","tag-altagraciadeorituco","tag-guarico","tag-webdealta",""],"jetpack_publicize_connections":[],"jetpack_featured_media_url":"https:\/\/webdealta.info\/wp-content\/uploads\/2023\/02\/gobernador-vasquz-webdealta.png","jetpack_sharing_enabled":true,"jetpack_likes_enabled":true,"jetpack-related-posts":[],"jetpack_shortlink":"https:\/\/wp.me\/pcseDn-1GC","_links":{"self":[{"href":"https:\/\/webdealta.info\/index.php?rest_route=\/wp\/v2\/posts\/6486","targetHints":{"allow":["GET"]}}],"collection":[{"href":"https:\/\/webdealta.info\/index.php?rest_route=\/wp\/v2\/posts"}],"about":[{"href":"https:\/\/webdealta.info\/index.php?rest_route=\/wp\/v2\/types\/post"}],"author":[{"embeddable":true,"href":"https:\/\/webdealta.info\/index.php?rest_route=\/wp\/v2\/users\/2"}],"replies":[{"embeddable":true,"href":"https:\/\/webdealta.info\/index.php?rest_route=%2Fwp%2Fv2%2Fcomments&post=6486"}],"version-history":[{"count":1,"href":"https:\/\/webdealta.info\/index.php?rest_route=\/wp\/v2\/posts\/6486\/revisions"}],"predecessor-version":[{"id":6488,"href":"https:\/\/webdealta.info\/index.php?rest_route=\/wp\/v2\/posts\/6486\/revisions\/6488"}],"wp:featuredmedia":[{"embeddable":true,"href":"https:\/\/webdealta.info\/index.php?rest_route=\/wp\/v2\/media\/6487"}],"wp:attachment":[{"href":"https:\/\/webdealta.info\/index.php?rest_route=%2Fwp%2Fv2%2Fmedia&parent=6486"}],"wp:term":[{"taxonomy":"category","embeddable":true,"href":"https:\/\/webdealta.info\/index.php?rest_route=%2Fwp%2Fv2%2Fcategories&post=6486"},{"taxonomy":"post_tag","embeddable":true,"href":"https:\/\/webdealta.info\/index.php?rest_route=%2Fwp%2Fv2%2Ftags&post=6486"}],"curies":[{"name":"wp","href":"https:\/\/api.w.org\/{rel}","templated":true}]}}