{"id":6467,"date":"2023-02-22T09:55:02","date_gmt":"2023-02-22T13:55:02","guid":{"rendered":"https:\/\/webdealta.info\/?p=6467"},"modified":"2023-02-22T09:55:03","modified_gmt":"2023-02-22T13:55:03","slug":"gremio-educativo-no-paro-protesta-en-asueto-de-carnaval","status":"publish","type":"post","link":"https:\/\/webdealta.info\/?p=6467","title":{"rendered":"Gremio educativo no par\u00f3 protesta en asueto de carnaval"},"content":{"rendered":"\n<p>Amanda Saldivia.-<\/p>\n\n\n\n<p>El asueto de carnaval no par\u00f3 las protestas del gremio educativo, porque el pasado lunes, en el parque Sucre de Altagracia de Orituco, se reunieron en una actividad a la cual llamaron Con la educaci\u00f3n iluminemos toda Venezuela.<\/p>\n\n\n\n<p>La vigilia fue a partir de las tres de la tarde del lunes 20 de febrero, lugar donde los trabajadores de la educaci\u00f3n dejaron claro que era una \u201coraci\u00f3n sin distinci\u00f3n de credo, todos unidos en una sola voz\u201d, en reclamo de salarios justos, dignos, de acuerdo al texto constitucional.<\/p>\n\n\n\n<p>Tambi\u00e9n hubo m\u00fasica de alabanzas a Dios y como lo expres\u00f3 Leticia Bencomo, maestra jubilada, fue un acto de fe que nos compromete a seguir siendo luz en medio de tanta oscuridad\u201d.<\/p>\n\n\n\n<p>@amandasaldivia   <\/p>\n\n\n\n<p><\/p>\n","protected":false},"excerpt":{"rendered":"<p>Amanda Saldivia.- El asueto de carnaval no par\u00f3 las protestas del gremio educativo, porque el pasado lunes, en el parque Sucre de Altagracia de Orituco, se reunieron en una actividad a la cual llamaron Con la educaci\u00f3n iluminemos toda Venezuela. La vigilia fue a partir de las tres de la<\/p>\n","protected":false},"author":2,"featured_media":6468,"comment_status":"open","ping_status":"open","sticky":false,"template":"","format":"standard","meta":{"advanced_seo_description":"","jetpack_seo_html_title":"","jetpack_seo_noindex":false,"_jetpack_memberships_contains_paid_content":false,"footnotes":"","jetpack_publicize_message":"","jetpack_publicize_feature_enabled":true,"jetpack_social_post_already_shared":true,"jetpack_social_options":{"image_generator_settings":{"template":"highway","enabled":false},"version":2}},"categories":[138],"tags":[8,7,32],"class_list":["post-6467","post","type-post","status-publish","format-standard","has-post-thumbnail","hentry","category-reclamo-laboral","tag-altagraciadeorituco","tag-guarico","tag-webdealta",""],"jetpack_publicize_connections":[],"jetpack_featured_media_url":"https:\/\/webdealta.info\/wp-content\/uploads\/2023\/02\/vigilia-webdealta-protesta-maestro.png","jetpack_sharing_enabled":true,"jetpack_likes_enabled":true,"jetpack-related-posts":[],"jetpack_shortlink":"https:\/\/wp.me\/pcseDn-1Gj","_links":{"self":[{"href":"https:\/\/webdealta.info\/index.php?rest_route=\/wp\/v2\/posts\/6467","targetHints":{"allow":["GET"]}}],"collection":[{"href":"https:\/\/webdealta.info\/index.php?rest_route=\/wp\/v2\/posts"}],"about":[{"href":"https:\/\/webdealta.info\/index.php?rest_route=\/wp\/v2\/types\/post"}],"author":[{"embeddable":true,"href":"https:\/\/webdealta.info\/index.php?rest_route=\/wp\/v2\/users\/2"}],"replies":[{"embeddable":true,"href":"https:\/\/webdealta.info\/index.php?rest_route=%2Fwp%2Fv2%2Fcomments&post=6467"}],"version-history":[{"count":1,"href":"https:\/\/webdealta.info\/index.php?rest_route=\/wp\/v2\/posts\/6467\/revisions"}],"predecessor-version":[{"id":6469,"href":"https:\/\/webdealta.info\/index.php?rest_route=\/wp\/v2\/posts\/6467\/revisions\/6469"}],"wp:featuredmedia":[{"embeddable":true,"href":"https:\/\/webdealta.info\/index.php?rest_route=\/wp\/v2\/media\/6468"}],"wp:attachment":[{"href":"https:\/\/webdealta.info\/index.php?rest_route=%2Fwp%2Fv2%2Fmedia&parent=6467"}],"wp:term":[{"taxonomy":"category","embeddable":true,"href":"https:\/\/webdealta.info\/index.php?rest_route=%2Fwp%2Fv2%2Fcategories&post=6467"},{"taxonomy":"post_tag","embeddable":true,"href":"https:\/\/webdealta.info\/index.php?rest_route=%2Fwp%2Fv2%2Ftags&post=6467"}],"curies":[{"name":"wp","href":"https:\/\/api.w.org\/{rel}","templated":true}]}}