{"id":6457,"date":"2023-02-21T11:04:00","date_gmt":"2023-02-21T15:04:00","guid":{"rendered":"https:\/\/webdealta.info\/?p=6457"},"modified":"2023-02-22T22:23:57","modified_gmt":"2023-02-23T02:23:57","slug":"altagracia-reimar-pedrozo-reina-de-los-carnavales-2023","status":"publish","type":"post","link":"https:\/\/webdealta.info\/?p=6457","title":{"rendered":"Altagracia: Reimar Pedrozo Reina de los Carnavales 2023"},"content":{"rendered":"\n<p>Amanda Saldivia.-<\/p>\n\n\n\n<p>Reimar Pedrozo (Centro), fue coronada Reina de los Carnavales Tur\u00edsticos y Culturales del Orituco 2023, mientras que Deyhailin Silva (Villa Iberoamericana), es la Novia de Altagracia; Soreivis Hern\u00e1ndez, (Tricentenario), fue distinguida con la banda de Reina de la Cultura; Albanys Welcome (San Rafael), Reina del Deporte y la primera finalista Victoria Borges (Macaira), en una noche con la casa Canaria colmada de asistentes, en su mayor\u00eda de los sectores que aupaban a las candidatas.<\/p>\n\n\n\n<figure class=\"wp-block-image size-large\"><img loading=\"lazy\" decoding=\"async\" width=\"1024\" height=\"546\" src=\"https:\/\/webdealta.info\/wp-content\/uploads\/2023\/02\/entrega-de-premios-carnaval-webdealta-1024x546.png\" alt=\"\" class=\"wp-image-6459\" srcset=\"https:\/\/webdealta.info\/wp-content\/uploads\/2023\/02\/entrega-de-premios-carnaval-webdealta.png 1024w, https:\/\/webdealta.info\/wp-content\/uploads\/2023\/02\/entrega-de-premios-carnaval-webdealta.png 300w, https:\/\/webdealta.info\/wp-content\/uploads\/2023\/02\/entrega-de-premios-carnaval-webdealta.png 768w, https:\/\/webdealta.info\/wp-content\/uploads\/2023\/02\/entrega-de-premios-carnaval-webdealta.png 1170w, https:\/\/webdealta.info\/wp-content\/uploads\/2023\/02\/entrega-de-premios-carnaval-webdealta.png 1500w, https:\/\/webdealta.info\/wp-content\/uploads\/2023\/02\/entrega-de-premios-carnaval-webdealta.png 1280w\" sizes=\"auto, (max-width: 640px) 100vw, 640px\" \/><figcaption class=\"wp-element-caption\">Jacher Jabana, presidente de la Junta de Carnaval y Dulce Meza vicepresidenta entregan premiaci\u00f3n<\/figcaption><\/figure>\n\n\n\n<p>El jurado calificador estuvo integrado por Maryury Su\u00e1rez, miss Anzo\u00e1tegui 2006; Arianny Hern\u00e1ndez, modelo y Novia de Altagracia 2013; Juan Carlos Justiniano, comunicador social y presidente de la asociaci\u00f3n de Gimnasia del estado Gu\u00e1rico; Luis Avil\u00e9s, periodista y director de la emisora Activa 104.9 FM y William Fourneau, director de audiovisuales de la Web de Altagracia.<\/p>\n\n\n\n<figure class=\"wp-block-image size-large\"><img loading=\"lazy\" decoding=\"async\" width=\"1024\" height=\"546\" src=\"https:\/\/webdealta.info\/wp-content\/uploads\/2023\/02\/jurado-carnaval-2023-webdealta-1024x546.png\" alt=\"\" class=\"wp-image-6462\" srcset=\"https:\/\/webdealta.info\/wp-content\/uploads\/2023\/02\/jurado-carnaval-2023-webdealta.png 1024w, https:\/\/webdealta.info\/wp-content\/uploads\/2023\/02\/jurado-carnaval-2023-webdealta.png 300w, https:\/\/webdealta.info\/wp-content\/uploads\/2023\/02\/jurado-carnaval-2023-webdealta.png 768w, https:\/\/webdealta.info\/wp-content\/uploads\/2023\/02\/jurado-carnaval-2023-webdealta.png 1170w, https:\/\/webdealta.info\/wp-content\/uploads\/2023\/02\/jurado-carnaval-2023-webdealta.png 1500w, https:\/\/webdealta.info\/wp-content\/uploads\/2023\/02\/jurado-carnaval-2023-webdealta.png 1280w\" sizes=\"auto, (max-width: 640px) 100vw, 640px\" \/><figcaption class=\"wp-element-caption\">Jurado del evento<\/figcaption><\/figure>\n\n\n\n<p>La Junta de Carnaval, presidida por Jacher Jabana, comerciante y compositor, pidi\u00f3 disculpas a los presentes por el retraso, los cuales compens\u00f3 con el show del Gocho de Oro y de Octavio Matos, artistas locales que entretuvieron al p\u00fablico que esperaba la presentaci\u00f3n de las candidatas.<\/p>\n\n\n\n<figure class=\"wp-block-image size-large\"><img loading=\"lazy\" decoding=\"async\" width=\"1024\" height=\"546\" src=\"https:\/\/webdealta.info\/wp-content\/uploads\/2023\/02\/carnaval-2023-webdealta-top-10-1024x546.png\" alt=\"\" class=\"wp-image-6460\" srcset=\"https:\/\/webdealta.info\/wp-content\/uploads\/2023\/02\/carnaval-2023-webdealta-top-10.png 1024w, https:\/\/webdealta.info\/wp-content\/uploads\/2023\/02\/carnaval-2023-webdealta-top-10.png 300w, https:\/\/webdealta.info\/wp-content\/uploads\/2023\/02\/carnaval-2023-webdealta-top-10.png 768w, https:\/\/webdealta.info\/wp-content\/uploads\/2023\/02\/carnaval-2023-webdealta-top-10.png 1170w, https:\/\/webdealta.info\/wp-content\/uploads\/2023\/02\/carnaval-2023-webdealta-top-10.png 1500w, https:\/\/webdealta.info\/wp-content\/uploads\/2023\/02\/carnaval-2023-webdealta-top-10.png 1280w\" sizes=\"auto, (max-width: 640px) 100vw, 640px\" \/><figcaption class=\"wp-element-caption\">Escogencia de las 10 semifinalistas<\/figcaption><\/figure>\n\n\n\n<p>A las tres de la madrugada comenz\u00f3 la presentaci\u00f3n con Johandry Reyes, Reina del Carnaval 2022 y Angie Berrueta, Novia de Altagracia 2022, quienes abrieron el espect\u00e1culo con un show de <em>rock and roll<\/em> inspirado en los a\u00f1os 50, acompa\u00f1adas por las 15 candidatas y de la agrupaci\u00f3n Fundaluna.<\/p>\n\n\n\n<p>A partir de ese momento, el jurado calificador comenz\u00f3 a evaluar a las aspirantes, quienes desfilaron en traje de ba\u00f1o, de gala, para dar paso a la escogencia de las 10 finalistas y posteriormente a las cinco que pasaron a la ronda de preguntas, la cual fue decisiva para el jurado.<\/p>\n\n\n\n<figure class=\"wp-block-image size-large\"><img loading=\"lazy\" decoding=\"async\" width=\"1024\" height=\"546\" src=\"https:\/\/webdealta.info\/wp-content\/uploads\/2023\/02\/carnaval-2023-top-5-1024x546.png\" alt=\"\" class=\"wp-image-6461\" srcset=\"https:\/\/webdealta.info\/wp-content\/uploads\/2023\/02\/carnaval-2023-top-5.png 1024w, https:\/\/webdealta.info\/wp-content\/uploads\/2023\/02\/carnaval-2023-top-5.png 300w, https:\/\/webdealta.info\/wp-content\/uploads\/2023\/02\/carnaval-2023-top-5.png 768w, https:\/\/webdealta.info\/wp-content\/uploads\/2023\/02\/carnaval-2023-top-5.png 1170w, https:\/\/webdealta.info\/wp-content\/uploads\/2023\/02\/carnaval-2023-top-5.png 1500w, https:\/\/webdealta.info\/wp-content\/uploads\/2023\/02\/carnaval-2023-top-5.png 1280w\" sizes=\"auto, (max-width: 640px) 100vw, 640px\" \/><figcaption class=\"wp-element-caption\">Las 5 semifinalistas<\/figcaption><\/figure>\n\n\n\n<p>Tambi\u00e9n el espect\u00e1culo incluy\u00f3 a la presentaci\u00f3n de la banda Los \u00c1ngeles del Recuerdo, con m\u00fasica de los 60 y 70, agrupaci\u00f3n que tiene la potente voz de Antonio Pi\u00f1ango como figura principal, acompa\u00f1ado por otros m\u00fasicos destacados de la regi\u00f3n del Orituco.<\/p>\n\n\n\n<p>Igualmente, la edici\u00f3n n\u00famero 42 de los Carnavales del Orituco destac\u00f3 por la premiaci\u00f3n entregada a las reinas. Reimar Pedrozo una motocicleta, Deyhailin Silva una laptop, Soreivis Hern\u00e1ndez y Albanys Welcome, tel\u00e9fonos inteligentes.<\/p>\n\n\n\n<p>Las fotograf\u00edas que comparte la Web de Altagracia son cortes\u00eda del fot\u00f3grafo profesional y productor de audiovisuales Tirso Cario, quien capt\u00f3 con el lente los momentos cumbres de la elecci\u00f3n de la Reina de Carnaval 2023.<\/p>\n\n\n\n<p>Este martes 21 de febrero ser\u00e1 el desfile de carnaval, encabezado por la Reina Reimar Pedrozo; as\u00ed como tambi\u00e9n la premiaci\u00f3n de las carrozas y fantas\u00edas elaboradas por los equipos de los sectores participantes.<\/p>\n\n\n\n<p>@amandasaldivia   <\/p>\n","protected":false},"excerpt":{"rendered":"<p>Amanda Saldivia.- Reimar Pedrozo (Centro), fue coronada Reina de los Carnavales Tur\u00edsticos y Culturales del Orituco 2023, mientras que Deyhailin Silva (Villa Iberoamericana), es la Novia de Altagracia; Soreivis Hern\u00e1ndez, (Tricentenario), fue distinguida con la banda de Reina de la Cultura; Albanys Welcome (San Rafael), Reina del Deporte y la<\/p>\n","protected":false},"author":2,"featured_media":6463,"comment_status":"open","ping_status":"open","sticky":false,"template":"","format":"standard","meta":{"advanced_seo_description":"","jetpack_seo_html_title":"","jetpack_seo_noindex":false,"_jetpack_memberships_contains_paid_content":false,"footnotes":"","jetpack_publicize_message":"","jetpack_publicize_feature_enabled":true,"jetpack_social_post_already_shared":true,"jetpack_social_options":{"image_generator_settings":{"template":"highway","enabled":false},"version":2}},"categories":[334],"tags":[8,7,32],"class_list":["post-6457","post","type-post","status-publish","format-standard","has-post-thumbnail","hentry","category-carnaval-2023","tag-altagraciadeorituco","tag-guarico","tag-webdealta",""],"jetpack_publicize_connections":[],"jetpack_featured_media_url":"https:\/\/webdealta.info\/wp-content\/uploads\/2023\/02\/reinas-webdealta-2023.png","jetpack_sharing_enabled":true,"jetpack_likes_enabled":true,"jetpack-related-posts":[],"jetpack_shortlink":"https:\/\/wp.me\/pcseDn-1G9","_links":{"self":[{"href":"https:\/\/webdealta.info\/index.php?rest_route=\/wp\/v2\/posts\/6457","targetHints":{"allow":["GET"]}}],"collection":[{"href":"https:\/\/webdealta.info\/index.php?rest_route=\/wp\/v2\/posts"}],"about":[{"href":"https:\/\/webdealta.info\/index.php?rest_route=\/wp\/v2\/types\/post"}],"author":[{"embeddable":true,"href":"https:\/\/webdealta.info\/index.php?rest_route=\/wp\/v2\/users\/2"}],"replies":[{"embeddable":true,"href":"https:\/\/webdealta.info\/index.php?rest_route=%2Fwp%2Fv2%2Fcomments&post=6457"}],"version-history":[{"count":2,"href":"https:\/\/webdealta.info\/index.php?rest_route=\/wp\/v2\/posts\/6457\/revisions"}],"predecessor-version":[{"id":6473,"href":"https:\/\/webdealta.info\/index.php?rest_route=\/wp\/v2\/posts\/6457\/revisions\/6473"}],"wp:featuredmedia":[{"embeddable":true,"href":"https:\/\/webdealta.info\/index.php?rest_route=\/wp\/v2\/media\/6463"}],"wp:attachment":[{"href":"https:\/\/webdealta.info\/index.php?rest_route=%2Fwp%2Fv2%2Fmedia&parent=6457"}],"wp:term":[{"taxonomy":"category","embeddable":true,"href":"https:\/\/webdealta.info\/index.php?rest_route=%2Fwp%2Fv2%2Fcategories&post=6457"},{"taxonomy":"post_tag","embeddable":true,"href":"https:\/\/webdealta.info\/index.php?rest_route=%2Fwp%2Fv2%2Ftags&post=6457"}],"curies":[{"name":"wp","href":"https:\/\/api.w.org\/{rel}","templated":true}]}}