{"id":6444,"date":"2023-02-18T13:27:48","date_gmt":"2023-02-18T17:27:48","guid":{"rendered":"https:\/\/webdealta.info\/?p=6444"},"modified":"2023-02-18T13:27:49","modified_gmt":"2023-02-18T17:27:49","slug":"victoria-borges-fue-electa-senorita-prensa-de-los-carnavales-2023","status":"publish","type":"post","link":"https:\/\/webdealta.info\/?p=6444","title":{"rendered":"Victoria Borges fue electa Se\u00f1orita Prensa de los carnavales 2023"},"content":{"rendered":"\n<p>Amanda Saldivia.-<\/p>\n\n\n\n<p>Con una impecable organizaci\u00f3n se llev\u00f3 a cabo, en la noche de este jueves 16 de febrero, la presentaci\u00f3n de las 16 candidatas que aspiran la corona de los Carnavales Tur\u00edsticos y Culturales del Orituco 2023.<\/p>\n\n\n\n<p>Victoria Borges, representante de Macaira fue la se\u00f1orita Prensa y Pasarela, mientras que Franyelis Bandr\u00e9s (Asociaci\u00f3n Deportiva), fue distinguida con la banda Presencia; Soreivis Hern\u00e1ndez (Tricentenario), Silueta y Sneizer Butter (Saladillo), Fotog\u00e9nica.<\/p>\n\n\n\n<p>El jurado calificador estuvo integrado por Romer Lagrutta (locutor M\u00e9xico, Colombia y Venezuela), Israel Alvarado (Locutor La Voz de Venezuela), Marcos Gil (Camar\u00f3grafo), Luis Aviles (Periodista y director de Activa 104.9 FM), Diego Stefanni (Fot\u00f3grafo), \u00c1ngel Aparicio (Fot\u00f3grafo), William Fourneau (Webmaster Web de Altagracia) y Amanda Saldivia (Periodista, conductora del espacio Tiempo de Cambios y Web de Altagracia).<\/p>\n\n\n\n<p>La elecci\u00f3n de la Reina de los Carnavales ser\u00e1 el pr\u00f3ximo lunes 20 de febrero en la Casa Canaria de Altagracia de Orituco. <\/p>\n\n\n\n<p>Los representantes de los medios de comunicaci\u00f3n social felicitaron a la Junta de Carnaval por la excelente organizaci\u00f3n, especialmente a Karen Noriega y Carlos Pimentel, responsables del evento ligado a las candidatas.<\/p>\n\n\n\n<p>Igualmente, destac\u00f3 la presentaci\u00f3n de la agrupaci\u00f3n Fundaluna y de Angie Berrueta, primera finalista de los carnavales 2022.<\/p>\n\n\n\n<p>@amandasaldivia   <\/p>\n\n\n\n<p><\/p>\n","protected":false},"excerpt":{"rendered":"<p>Amanda Saldivia.- Con una impecable organizaci\u00f3n se llev\u00f3 a cabo, en la noche de este jueves 16 de febrero, la presentaci\u00f3n de las 16 candidatas que aspiran la corona de los Carnavales Tur\u00edsticos y Culturales del Orituco 2023. Victoria Borges, representante de Macaira fue la se\u00f1orita Prensa y Pasarela, mientras<\/p>\n","protected":false},"author":2,"featured_media":6445,"comment_status":"open","ping_status":"open","sticky":false,"template":"","format":"standard","meta":{"advanced_seo_description":"","jetpack_seo_html_title":"","jetpack_seo_noindex":false,"_jetpack_memberships_contains_paid_content":false,"footnotes":"","jetpack_publicize_message":"","jetpack_publicize_feature_enabled":true,"jetpack_social_post_already_shared":true,"jetpack_social_options":{"image_generator_settings":{"template":"highway","enabled":false},"version":2}},"categories":[334],"tags":[8,7,32],"class_list":["post-6444","post","type-post","status-publish","format-standard","has-post-thumbnail","hentry","category-carnaval-2023","tag-altagraciadeorituco","tag-guarico","tag-webdealta",""],"jetpack_publicize_connections":[],"jetpack_featured_media_url":"https:\/\/webdealta.info\/wp-content\/uploads\/2023\/02\/presentacion-prensa-2023-webdealta.png","jetpack_sharing_enabled":true,"jetpack_likes_enabled":true,"jetpack-related-posts":[],"jetpack_shortlink":"https:\/\/wp.me\/pcseDn-1FW","_links":{"self":[{"href":"https:\/\/webdealta.info\/index.php?rest_route=\/wp\/v2\/posts\/6444","targetHints":{"allow":["GET"]}}],"collection":[{"href":"https:\/\/webdealta.info\/index.php?rest_route=\/wp\/v2\/posts"}],"about":[{"href":"https:\/\/webdealta.info\/index.php?rest_route=\/wp\/v2\/types\/post"}],"author":[{"embeddable":true,"href":"https:\/\/webdealta.info\/index.php?rest_route=\/wp\/v2\/users\/2"}],"replies":[{"embeddable":true,"href":"https:\/\/webdealta.info\/index.php?rest_route=%2Fwp%2Fv2%2Fcomments&post=6444"}],"version-history":[{"count":1,"href":"https:\/\/webdealta.info\/index.php?rest_route=\/wp\/v2\/posts\/6444\/revisions"}],"predecessor-version":[{"id":6446,"href":"https:\/\/webdealta.info\/index.php?rest_route=\/wp\/v2\/posts\/6444\/revisions\/6446"}],"wp:featuredmedia":[{"embeddable":true,"href":"https:\/\/webdealta.info\/index.php?rest_route=\/wp\/v2\/media\/6445"}],"wp:attachment":[{"href":"https:\/\/webdealta.info\/index.php?rest_route=%2Fwp%2Fv2%2Fmedia&parent=6444"}],"wp:term":[{"taxonomy":"category","embeddable":true,"href":"https:\/\/webdealta.info\/index.php?rest_route=%2Fwp%2Fv2%2Fcategories&post=6444"},{"taxonomy":"post_tag","embeddable":true,"href":"https:\/\/webdealta.info\/index.php?rest_route=%2Fwp%2Fv2%2Ftags&post=6444"}],"curies":[{"name":"wp","href":"https:\/\/api.w.org\/{rel}","templated":true}]}}