{"id":6436,"date":"2023-02-15T20:57:50","date_gmt":"2023-02-16T00:57:50","guid":{"rendered":"https:\/\/webdealta.info\/?p=6436"},"modified":"2023-02-15T20:57:51","modified_gmt":"2023-02-16T00:57:51","slug":"prensa-compartira-con-las-16-aspirantes-al-reinado-de-carnaval-2023","status":"publish","type":"post","link":"https:\/\/webdealta.info\/?p=6436","title":{"rendered":"Prensa compartir\u00e1 con las 16 aspirantes al reinado de Carnaval 2023"},"content":{"rendered":"\n<p>Amanda Saldivia.-<\/p>\n\n\n\n<p>Con la presentaci\u00f3n a la prensa, este jueves 16 de febrero, contin\u00faan las actividades de los Carnavales Tur\u00edsticos y Culturales del Orituco 2023, impulsados por la alcald\u00eda del municipio Monagas y la junta organizadora, presidida por el comerciante y compositor Jacher Jabana.<\/p>\n\n\n\n<p>Fue precisamente \u00e9l, acompa\u00f1ado por Alejandro Daniel y \u00c1ngel Infante, tambi\u00e9n integrantes de la junta de carnaval, el encargado de dar a conocer la programaci\u00f3n en detalles de las actividades que se realizar\u00e1n desde este jueves 16 de febrero hasta el martes 21, d\u00eda en el cual se realizar\u00e1 el \u00faltimo desfile de carrozas para cerrar el asueto.<\/p>\n\n\n\n<p>Lo hicieron en el programa Tiempo de Cambios de este mi\u00e9rcoles 15 de febrero, espacio que se transmite por la emisora Activa 104.9 FM de Altagracia de Orituco, en el cual Jabana detall\u00f3 que son 16 los sectores participantes, con igual n\u00famero de candidatas. Estos son: Tricentenario, Centro, Perimetral, Diamante, Villa Iberoamericana, Alta Ipare, Victoria Comunal, Lezama, San Rafael, Paural, Guaiquer\u00edes, Saladillo, Macaira, Andr\u00e9s Bello, Pe\u00f1a de Mota y Asociaci\u00f3n Deportiva.<\/p>\n\n\n\n<p>Respecto a la presentaci\u00f3n a la prensa, Jacher Jabana, se\u00f1al\u00f3 que ser\u00e1 este jueves 16 de febrero, a partir de las 5:00 pm en la C\u00e1mara de Comercio, para que los representantes de los distintos medios de comunicaci\u00f3n social tengan la oportunidad de apreciar de cerca a las aspirantes a la corona de los carnavales 2023, tradici\u00f3n que ya tiene m\u00e1s de 40 a\u00f1os en esta poblaci\u00f3n guarique\u00f1a.<\/p>\n\n\n\n<p>A continuaci\u00f3n, el programa que se cumplir\u00e1 desde el viernes 17\/02 hasta el martes 21\/02:<\/p>\n\n\n\n<p>Viernes 17\/02:<\/p>\n\n\n\n<ul class=\"wp-block-list\">\n<li>Desfile de comparsas del Carnaval Educativo, el cual partir\u00e1 desde la calle Ilustres Pr\u00f3ceres, con cruce en la Bol\u00edvar y posteriormente en la Adolfo Chataing. Hora: 9:00 am.<\/li>\n<\/ul>\n\n\n\n<p>S\u00e1bado 18\/02:<\/p>\n\n\n\n<ul class=\"wp-block-list\">\n<li>Primer desfile de carrozas. A las 12 M, desde el bodeg\u00f3n de Jacher Jabana en la perimetral, para seguir la ruta Ilustres Pr\u00f3ceres, Pell\u00f3n y Palacios, Bol\u00edvar, Vuelvan Caras, Hurtado Ascanio y finalizar en el sector Saladillo.<\/li>\n\n\n\n<li>Guerra de DJs piscina Mi Esfuerzo. Hora: 7:00 pm.<\/li>\n<\/ul>\n\n\n\n<p>Domingo 19\/02<\/p>\n\n\n\n<ul class=\"wp-block-list\">\n<li>Segundo desfile de carrozas<\/li>\n\n\n\n<li>Noche bailable Bodeg\u00f3n de Jacher Jabana<\/li>\n<\/ul>\n\n\n\n<p>Lunes:<\/p>\n\n\n\n<ul class=\"wp-block-list\">\n<li>Tarde de toros coleados copa Pedro Sol\u00f3rzano, en El parque ferial (El Paso), atardecer llanero y actividad para los ni\u00f1os con pinta caritas.<\/li>\n\n\n\n<li>Elecci\u00f3n de la Reina en la Casa Canaria. Hora 8:00 pm.<\/li>\n<\/ul>\n\n\n\n<p>Martes:<\/p>\n\n\n\n<ul class=\"wp-block-list\">\n<li>\u00daltimo desfile de carrozas y entrega de premiaci\u00f3n    <\/li>\n<\/ul>\n","protected":false},"excerpt":{"rendered":"<p>Amanda Saldivia.- Con la presentaci\u00f3n a la prensa, este jueves 16 de febrero, contin\u00faan las actividades de los Carnavales Tur\u00edsticos y Culturales del Orituco 2023, impulsados por la alcald\u00eda del municipio Monagas y la junta organizadora, presidida por el comerciante y compositor Jacher Jabana. Fue precisamente \u00e9l, acompa\u00f1ado por Alejandro<\/p>\n","protected":false},"author":2,"featured_media":6437,"comment_status":"open","ping_status":"open","sticky":false,"template":"","format":"standard","meta":{"advanced_seo_description":"","jetpack_seo_html_title":"","jetpack_seo_noindex":false,"_jetpack_memberships_contains_paid_content":false,"footnotes":"","jetpack_publicize_message":"","jetpack_publicize_feature_enabled":true,"jetpack_social_post_already_shared":true,"jetpack_social_options":{"image_generator_settings":{"template":"highway","enabled":false},"version":2}},"categories":[334],"tags":[8,7,32],"class_list":["post-6436","post","type-post","status-publish","format-standard","has-post-thumbnail","hentry","category-carnaval-2023","tag-altagraciadeorituco","tag-guarico","tag-webdealta",""],"jetpack_publicize_connections":[],"jetpack_featured_media_url":"https:\/\/webdealta.info\/wp-content\/uploads\/2023\/02\/carnaval-2023-webdealta-altagracia-de-orituco.png","jetpack_sharing_enabled":true,"jetpack_likes_enabled":true,"jetpack-related-posts":[],"jetpack_shortlink":"https:\/\/wp.me\/pcseDn-1FO","_links":{"self":[{"href":"https:\/\/webdealta.info\/index.php?rest_route=\/wp\/v2\/posts\/6436","targetHints":{"allow":["GET"]}}],"collection":[{"href":"https:\/\/webdealta.info\/index.php?rest_route=\/wp\/v2\/posts"}],"about":[{"href":"https:\/\/webdealta.info\/index.php?rest_route=\/wp\/v2\/types\/post"}],"author":[{"embeddable":true,"href":"https:\/\/webdealta.info\/index.php?rest_route=\/wp\/v2\/users\/2"}],"replies":[{"embeddable":true,"href":"https:\/\/webdealta.info\/index.php?rest_route=%2Fwp%2Fv2%2Fcomments&post=6436"}],"version-history":[{"count":1,"href":"https:\/\/webdealta.info\/index.php?rest_route=\/wp\/v2\/posts\/6436\/revisions"}],"predecessor-version":[{"id":6438,"href":"https:\/\/webdealta.info\/index.php?rest_route=\/wp\/v2\/posts\/6436\/revisions\/6438"}],"wp:featuredmedia":[{"embeddable":true,"href":"https:\/\/webdealta.info\/index.php?rest_route=\/wp\/v2\/media\/6437"}],"wp:attachment":[{"href":"https:\/\/webdealta.info\/index.php?rest_route=%2Fwp%2Fv2%2Fmedia&parent=6436"}],"wp:term":[{"taxonomy":"category","embeddable":true,"href":"https:\/\/webdealta.info\/index.php?rest_route=%2Fwp%2Fv2%2Fcategories&post=6436"},{"taxonomy":"post_tag","embeddable":true,"href":"https:\/\/webdealta.info\/index.php?rest_route=%2Fwp%2Fv2%2Ftags&post=6436"}],"curies":[{"name":"wp","href":"https:\/\/api.w.org\/{rel}","templated":true}]}}