{"id":6432,"date":"2023-02-14T19:49:49","date_gmt":"2023-02-14T23:49:49","guid":{"rendered":"https:\/\/webdealta.info\/?p=6432"},"modified":"2023-02-14T19:49:50","modified_gmt":"2023-02-14T23:49:50","slug":"planifican-carnavales-en-los-15-municipios-de-guarico","status":"publish","type":"post","link":"https:\/\/webdealta.info\/?p=6432","title":{"rendered":"Planifican carnavales en los 15 municipios de Gu\u00e1rico"},"content":{"rendered":"\n<p>En el Palacio de Gobierno, el jefe de gabinete del estado Gu\u00e1rico, C\u00e9sar G\u00f3mez, sostuvo un encuentro con distintas instituciones para la planificaci\u00f3n y organizaci\u00f3n de la agenda de actividades de los Carnavales Felices 2023, en los 15 municipios y 39 parroquias de la entidad llanera.<\/p>\n\n\n\n<p>En este sentido, G\u00f3mez, coment\u00f3 que en el estado Gu\u00e1rico habr\u00e1 16 balnearios activos para el disfrute de las familias, as\u00ed como tambi\u00e9n puntos de seguridad y salud para el resguardo del pueblo. De la misma manera, el jefe de gabinete destac\u00f3 que est\u00e1n previstos 15 desfiles en cada parroquia capital de los municipios, los cuales contar\u00e1n con mucho brillo y color, a fin de garantizarle una temporada divertida a los guarique\u00f1os.<\/p>\n\n\n\n<p>Asimismo, dentro de la planificaci\u00f3n, se destaca la elecci\u00f3n de la Reina de Carnaval este jueves a partir de las 6:00 pm en la Plaza Bol\u00edvar de la ciudad capital, donde adem\u00e1s hizo un llamado a todo el pueblo rosciano a participar.<\/p>\n\n\n\n<p>De igual forma, la secretaria ejecutiva de Protecci\u00f3n Social y Gesti\u00f3n Territorial, Migdalia Hurtado, manifest\u00f3 que es importante la representaci\u00f3n de cada instituci\u00f3n adscrita a la Gobernaci\u00f3n, en los desfiles y las distintas actividades que se llevan a cabo a\u00f1o tras a\u00f1o, \u201cpara llevarle a nuestros turistas, visitantes y al pueblo guarique\u00f1o los mejores Carnavales, donde se pueda disfrutar de lugares de esparcimiento, bandas shows y actividades culturales\u201d.<\/p>\n\n\n\n<p>Dentro de este contexto, se planea impulsar al estado Gu\u00e1rico como un destino tur\u00edstico ideal, a trav\u00e9s de los 16 balnearios en los distintos municipios, donde se podr\u00e1 disfrutar de actividades culturales, deportivas y sociales.<\/p>\n\n\n\n<p>Igualmente, se destaca la participaci\u00f3n activa que tendr\u00e1n los funcionarios de Protecci\u00f3n Civil, Poligu\u00e1rico, Polic\u00eda Nacional y municipal, as\u00ed como la Guardia de Pueblo, entre otros componentes de seguridad del Estado, quienes estar\u00e1n al resguardo de los propios y visitantes durante esta temporada carnestolendas.<\/p>\n\n\n\n<p>Adem\u00e1s, los integrantes del Ejecutivo Regional resaltaron la importancia de impulsar el \u00e1mbito comunicacional, es decir, mostrar a trav\u00e9s de las redes sociales las distintas actividades que se estar\u00e1n realizando, para que el pueblo se anime y se sume, as\u00ed como tambi\u00e9n puedan, a trav\u00e9s de las im\u00e1genes destacar las bondades y bellezas que ofrece el estado Gu\u00e1rico.<\/p>\n\n\n\n<p>Sibci Gu\u00e1rico<\/p>\n\n\n\n<p><\/p>\n","protected":false},"excerpt":{"rendered":"<p>En el Palacio de Gobierno, el jefe de gabinete del estado Gu\u00e1rico, C\u00e9sar G\u00f3mez, sostuvo un encuentro con distintas instituciones para la planificaci\u00f3n y organizaci\u00f3n de la agenda de actividades de los Carnavales Felices 2023, en los 15 municipios y 39 parroquias de la entidad llanera. En este sentido, G\u00f3mez,<\/p>\n","protected":false},"author":2,"featured_media":6433,"comment_status":"open","ping_status":"open","sticky":false,"template":"","format":"standard","meta":{"advanced_seo_description":"","jetpack_seo_html_title":"","jetpack_seo_noindex":false,"_jetpack_memberships_contains_paid_content":false,"footnotes":"","jetpack_publicize_message":"","jetpack_publicize_feature_enabled":true,"jetpack_social_post_already_shared":true,"jetpack_social_options":{"image_generator_settings":{"template":"highway","enabled":false},"version":2}},"categories":[284],"tags":[8,7,32],"class_list":["post-6432","post","type-post","status-publish","format-standard","has-post-thumbnail","hentry","category-gobierno-de-guarico","tag-altagraciadeorituco","tag-guarico","tag-webdealta",""],"jetpack_publicize_connections":[],"jetpack_featured_media_url":"https:\/\/webdealta.info\/wp-content\/uploads\/2023\/02\/carnaval-gobierno-de-guarico-webdealta.png","jetpack_sharing_enabled":true,"jetpack_likes_enabled":true,"jetpack-related-posts":[],"jetpack_shortlink":"https:\/\/wp.me\/pcseDn-1FK","_links":{"self":[{"href":"https:\/\/webdealta.info\/index.php?rest_route=\/wp\/v2\/posts\/6432","targetHints":{"allow":["GET"]}}],"collection":[{"href":"https:\/\/webdealta.info\/index.php?rest_route=\/wp\/v2\/posts"}],"about":[{"href":"https:\/\/webdealta.info\/index.php?rest_route=\/wp\/v2\/types\/post"}],"author":[{"embeddable":true,"href":"https:\/\/webdealta.info\/index.php?rest_route=\/wp\/v2\/users\/2"}],"replies":[{"embeddable":true,"href":"https:\/\/webdealta.info\/index.php?rest_route=%2Fwp%2Fv2%2Fcomments&post=6432"}],"version-history":[{"count":1,"href":"https:\/\/webdealta.info\/index.php?rest_route=\/wp\/v2\/posts\/6432\/revisions"}],"predecessor-version":[{"id":6434,"href":"https:\/\/webdealta.info\/index.php?rest_route=\/wp\/v2\/posts\/6432\/revisions\/6434"}],"wp:featuredmedia":[{"embeddable":true,"href":"https:\/\/webdealta.info\/index.php?rest_route=\/wp\/v2\/media\/6433"}],"wp:attachment":[{"href":"https:\/\/webdealta.info\/index.php?rest_route=%2Fwp%2Fv2%2Fmedia&parent=6432"}],"wp:term":[{"taxonomy":"category","embeddable":true,"href":"https:\/\/webdealta.info\/index.php?rest_route=%2Fwp%2Fv2%2Fcategories&post=6432"},{"taxonomy":"post_tag","embeddable":true,"href":"https:\/\/webdealta.info\/index.php?rest_route=%2Fwp%2Fv2%2Ftags&post=6432"}],"curies":[{"name":"wp","href":"https:\/\/api.w.org\/{rel}","templated":true}]}}