{"id":6425,"date":"2023-02-13T22:58:30","date_gmt":"2023-02-14T02:58:30","guid":{"rendered":"https:\/\/webdealta.info\/?p=6425"},"modified":"2023-02-13T22:58:31","modified_gmt":"2023-02-14T02:58:31","slug":"altagracia-gremio-educativo-no-cesa-el-reclamo-de-salarios-dignos","status":"publish","type":"post","link":"https:\/\/webdealta.info\/?p=6425","title":{"rendered":"Altagracia: gremio educativo no cesa el reclamo de salarios dignos"},"content":{"rendered":"\n<p>Amanda Saldivia.-<\/p>\n\n\n\n<p>La situaci\u00f3n de conflicto del sector educativo se mantiene y este lunes 13 de febrero en Altagracia de Orituco, estuvo enfocada en la pinta de grafitis en los veh\u00edculos con mensajes alusivos al respaldo a los docentes, as\u00ed como tambi\u00e9n en la firma de un documento que ser\u00e1 elevado a la Red Circuital Educativa, a cargo de la Dra. Susana Sayegh.<\/p>\n\n\n\n<p>En esta oportunidad, el equipo de la Web de Altagracia abord\u00f3 a la profesora Maricelys Ramos, quien precis\u00f3 que el documento que fue firmado por los docentes presentes en la concentraci\u00f3n que se llev\u00f3 a cabo en la calle Ilustres Pr\u00f3ceres de Altagracia de Orituco, fue para hacer del conocimiento de la representante municipal de la zona educativa, por qu\u00e9 se re\u00fanen en \u201casamblea ciudadana de car\u00e1cter laboral\u201d, siempre en el marco del ordenamiento jur\u00eddico.<\/p>\n\n\n\n<p>Sobre los d\u00edas de asistencia a clases, dijo que la mayor\u00eda de los planteles del municipio Monagas, mantienen el acuerdo de dos d\u00edas a la semana y que, aunque todav\u00eda hay presi\u00f3n de algunos directivos, llam\u00f3 a los docentes a mantenerse firmes en la postura de reclamo de reivindicaciones con jornada reducida, en virtud del salario que se diluye a medida que el bol\u00edvar pierde valor ante el d\u00f3lar.<\/p>\n\n\n\n<p>Al referirse al carnaval educativo, tradici\u00f3n que incluye desfiles de las instituciones el viernes previo al asueto de carnaval, argument\u00f3 que no est\u00e1n dadas las condiciones, \u201cporque por lo general lo que se necesita, los recursos, los materiales siempre han salido del bolsillo del docente y tambi\u00e9n del representante, y nuestro bolsillo no da la cubrir nuestras necesidades, mucho menos para cosas tan ef\u00edmeras que no son la prioridad\u201d.<\/p>\n\n\n\n<p>Igualmente, la profesora Ramos, se\u00f1al\u00f3 que este martes 14 de febrero se celebrar\u00e1 una nueva reuni\u00f3n en la sede de la Casa del Maestro, para definir las pr\u00f3ximas acciones de protestas, eso bajo la coordinaci\u00f3n del comit\u00e9 de conflicto que est\u00e1 integrado por los representantes sindicales y voceros de los planteles.<\/p>\n\n\n\n<p>@amandasaldivia   <\/p>\n\n\n\n<p><\/p>\n","protected":false},"excerpt":{"rendered":"<p>Amanda Saldivia.- La situaci\u00f3n de conflicto del sector educativo se mantiene y este lunes 13 de febrero en Altagracia de Orituco, estuvo enfocada en la pinta de grafitis en los veh\u00edculos con mensajes alusivos al respaldo a los docentes, as\u00ed como tambi\u00e9n en la firma de un documento que ser\u00e1<\/p>\n","protected":false},"author":2,"featured_media":6426,"comment_status":"open","ping_status":"open","sticky":false,"template":"","format":"standard","meta":{"advanced_seo_description":"","jetpack_seo_html_title":"","jetpack_seo_noindex":false,"_jetpack_memberships_contains_paid_content":false,"footnotes":"","jetpack_publicize_message":"","jetpack_publicize_feature_enabled":true,"jetpack_social_post_already_shared":true,"jetpack_social_options":{"image_generator_settings":{"template":"highway","enabled":false},"version":2}},"categories":[138],"tags":[8,7,32],"class_list":["post-6425","post","type-post","status-publish","format-standard","has-post-thumbnail","hentry","category-reclamo-laboral","tag-altagraciadeorituco","tag-guarico","tag-webdealta",""],"jetpack_publicize_connections":[],"jetpack_featured_media_url":"https:\/\/webdealta.info\/wp-content\/uploads\/2023\/02\/protesta-docentes-lunes-13-de-febrero-webdealta-altagracia.png","jetpack_sharing_enabled":true,"jetpack_likes_enabled":true,"jetpack-related-posts":[],"jetpack_shortlink":"https:\/\/wp.me\/pcseDn-1FD","_links":{"self":[{"href":"https:\/\/webdealta.info\/index.php?rest_route=\/wp\/v2\/posts\/6425","targetHints":{"allow":["GET"]}}],"collection":[{"href":"https:\/\/webdealta.info\/index.php?rest_route=\/wp\/v2\/posts"}],"about":[{"href":"https:\/\/webdealta.info\/index.php?rest_route=\/wp\/v2\/types\/post"}],"author":[{"embeddable":true,"href":"https:\/\/webdealta.info\/index.php?rest_route=\/wp\/v2\/users\/2"}],"replies":[{"embeddable":true,"href":"https:\/\/webdealta.info\/index.php?rest_route=%2Fwp%2Fv2%2Fcomments&post=6425"}],"version-history":[{"count":1,"href":"https:\/\/webdealta.info\/index.php?rest_route=\/wp\/v2\/posts\/6425\/revisions"}],"predecessor-version":[{"id":6427,"href":"https:\/\/webdealta.info\/index.php?rest_route=\/wp\/v2\/posts\/6425\/revisions\/6427"}],"wp:featuredmedia":[{"embeddable":true,"href":"https:\/\/webdealta.info\/index.php?rest_route=\/wp\/v2\/media\/6426"}],"wp:attachment":[{"href":"https:\/\/webdealta.info\/index.php?rest_route=%2Fwp%2Fv2%2Fmedia&parent=6425"}],"wp:term":[{"taxonomy":"category","embeddable":true,"href":"https:\/\/webdealta.info\/index.php?rest_route=%2Fwp%2Fv2%2Fcategories&post=6425"},{"taxonomy":"post_tag","embeddable":true,"href":"https:\/\/webdealta.info\/index.php?rest_route=%2Fwp%2Fv2%2Ftags&post=6425"}],"curies":[{"name":"wp","href":"https:\/\/api.w.org\/{rel}","templated":true}]}}