{"id":6415,"date":"2023-02-12T12:23:25","date_gmt":"2023-02-12T16:23:25","guid":{"rendered":"https:\/\/webdealta.info\/?p=6415"},"modified":"2023-02-12T12:24:28","modified_gmt":"2023-02-12T16:24:28","slug":"presentacion-de-candidatas-del-liceo-jose-francisco-torrealba","status":"publish","type":"post","link":"https:\/\/webdealta.info\/?p=6415","title":{"rendered":"Presentaci\u00f3n de candidatas del liceo Jos\u00e9 Francisco Torrealba"},"content":{"rendered":"\n<p>Amanda Saldivia.-<\/p>\n\n\n\n<p>En el lente de Tirso Cario las estudiantes del liceo Jos\u00e9 Francisco Torrealba que se distinguieron con las bandas de Prensa, Presencia y Popularidad, con miras a la elecci\u00f3n final que ser\u00e1 el pr\u00f3ximo jueves 16 de febrero en un conocido club de Altagracia de Orituco.<\/p>\n\n\n\n<figure class=\"wp-block-image size-large\"><img loading=\"lazy\" decoding=\"async\" width=\"1024\" height=\"546\" src=\"https:\/\/webdealta.info\/wp-content\/uploads\/2023\/02\/webdealta-reinas-liceo-jose-francisco-torrealba-1024x546.jpg\" alt=\"\" class=\"wp-image-6417\" srcset=\"https:\/\/webdealta.info\/wp-content\/uploads\/2023\/02\/webdealta-reinas-liceo-jose-francisco-torrealba.jpg 1024w, https:\/\/webdealta.info\/wp-content\/uploads\/2023\/02\/webdealta-reinas-liceo-jose-francisco-torrealba.jpg 300w, https:\/\/webdealta.info\/wp-content\/uploads\/2023\/02\/webdealta-reinas-liceo-jose-francisco-torrealba.jpg 768w, https:\/\/webdealta.info\/wp-content\/uploads\/2023\/02\/webdealta-reinas-liceo-jose-francisco-torrealba.jpg 1170w, https:\/\/webdealta.info\/wp-content\/uploads\/2023\/02\/webdealta-reinas-liceo-jose-francisco-torrealba.jpg 1500w, https:\/\/webdealta.info\/wp-content\/uploads\/2023\/02\/webdealta-reinas-liceo-jose-francisco-torrealba.jpg 1280w\" sizes=\"auto, (max-width: 640px) 100vw, 640px\" \/><\/figure>\n\n\n\n<p>La coreograf\u00eda estuvo a cargo de Carlos Naranjo, organizador principal del evento; mientras que la profesora Ramona Becea, le correspondi\u00f3 presentar a las 9 candidatas que compiten por la corona del liceo Jos\u00e9 Francisco Torrealba.<\/p>\n\n\n\n<p>Durante el desfile, cada una de las candidatas se present\u00f3 con mensajes a alusivos a los valores y a la importancia de la amistad, lo que arroj\u00f3 como resultado que Luisana Navas fuera distinguida con la banda de Prensa;&nbsp; Rosbelis Torrealba, Presencia y Kariana Castro, Popularidad.<\/p>\n\n\n\n<p>@amandasaldivia<\/p>\n\n\n\n<p>Fotos Tirso Cario   <\/p>\n\n\n\n<p><\/p>\n","protected":false},"excerpt":{"rendered":"<p>Amanda Saldivia.- En el lente de Tirso Cario las estudiantes del liceo Jos\u00e9 Francisco Torrealba que se distinguieron con las bandas de Prensa, Presencia y Popularidad, con miras a la elecci\u00f3n final que ser\u00e1 el pr\u00f3ximo jueves 16 de febrero en un conocido club de Altagracia de Orituco. La coreograf\u00eda<\/p>\n","protected":false},"author":2,"featured_media":6416,"comment_status":"open","ping_status":"open","sticky":false,"template":"","format":"standard","meta":{"advanced_seo_description":"","jetpack_seo_html_title":"","jetpack_seo_noindex":false,"_jetpack_memberships_contains_paid_content":false,"footnotes":"","jetpack_publicize_message":"","jetpack_publicize_feature_enabled":true,"jetpack_social_post_already_shared":true,"jetpack_social_options":{"image_generator_settings":{"template":"highway","enabled":false},"version":2}},"categories":[334],"tags":[8,7,32],"class_list":["post-6415","post","type-post","status-publish","format-standard","has-post-thumbnail","hentry","category-carnaval-2023","tag-altagraciadeorituco","tag-guarico","tag-webdealta",""],"jetpack_publicize_connections":[],"jetpack_featured_media_url":"https:\/\/webdealta.info\/wp-content\/uploads\/2023\/02\/reinas-webdealta-tirso-cario.png","jetpack_sharing_enabled":true,"jetpack_likes_enabled":true,"jetpack-related-posts":[],"jetpack_shortlink":"https:\/\/wp.me\/pcseDn-1Ft","_links":{"self":[{"href":"https:\/\/webdealta.info\/index.php?rest_route=\/wp\/v2\/posts\/6415","targetHints":{"allow":["GET"]}}],"collection":[{"href":"https:\/\/webdealta.info\/index.php?rest_route=\/wp\/v2\/posts"}],"about":[{"href":"https:\/\/webdealta.info\/index.php?rest_route=\/wp\/v2\/types\/post"}],"author":[{"embeddable":true,"href":"https:\/\/webdealta.info\/index.php?rest_route=\/wp\/v2\/users\/2"}],"replies":[{"embeddable":true,"href":"https:\/\/webdealta.info\/index.php?rest_route=%2Fwp%2Fv2%2Fcomments&post=6415"}],"version-history":[{"count":1,"href":"https:\/\/webdealta.info\/index.php?rest_route=\/wp\/v2\/posts\/6415\/revisions"}],"predecessor-version":[{"id":6418,"href":"https:\/\/webdealta.info\/index.php?rest_route=\/wp\/v2\/posts\/6415\/revisions\/6418"}],"wp:featuredmedia":[{"embeddable":true,"href":"https:\/\/webdealta.info\/index.php?rest_route=\/wp\/v2\/media\/6416"}],"wp:attachment":[{"href":"https:\/\/webdealta.info\/index.php?rest_route=%2Fwp%2Fv2%2Fmedia&parent=6415"}],"wp:term":[{"taxonomy":"category","embeddable":true,"href":"https:\/\/webdealta.info\/index.php?rest_route=%2Fwp%2Fv2%2Fcategories&post=6415"},{"taxonomy":"post_tag","embeddable":true,"href":"https:\/\/webdealta.info\/index.php?rest_route=%2Fwp%2Fv2%2Ftags&post=6415"}],"curies":[{"name":"wp","href":"https:\/\/api.w.org\/{rel}","templated":true}]}}